{"id":866,"date":"2020-01-01T04:21:19","date_gmt":"2020-01-01T04:21:19","guid":{"rendered":"https:\/\/gerardohuertas.com\/?p=866"},"modified":"2020-11-23T04:57:49","modified_gmt":"2020-11-23T04:57:49","slug":"forbes-pymes-centroamericanas-de-fortalecen","status":"publish","type":"post","link":"https:\/\/gerardohuertas.com\/en\/forbes-pymes-centroamericanas-de-fortalecen\/","title":{"rendered":"Forbes &#8211; Pymes Centroamericanas de Fortalecen"},"content":{"rendered":"<p><a href=\"https:\/\/forbescentroamerica.com\/2019\/07\/30\/pymes-centroamericanas-se-fortalecen\/\">Nota completa<\/a><\/p>\n<p>El Taller Liderazgo Mipyme para la integraci\u00f3n regional, organizado por el Centro Regional para la Promoci\u00f3n de la Micro y Peque\u00f1a Empresa (CENPROMYPE) con el apoyo de la Uni\u00f3n Europea, se llev\u00f3 a cabo con la finalidad de fortalecer la estrategia de trabajo y colaboraci\u00f3n con el sector empresarial Mipyme de la regi\u00f3n.<\/p>\n<p>El encuentro se celebr\u00f3 los d\u00edas 24 y 25 de julio pasados en la ciudad de San Salvador y cont\u00f3 con la participaci\u00f3n del presidente de la Asociaci\u00f3n de J\u00f3venes Emprendedores de Panam\u00e1 (AJOEM), Gerardo Huertas, as\u00ed lo indic\u00f3 la instituci\u00f3n en un comunicado de prensa.<\/p>\n<p>En el taller participaron entidades representantes del sector privado y asociaciones de empresarios en la regi\u00f3n del Sistema de Integraci\u00f3n Centroamericana (SICA), Costa Rica, Nicaragua, Honduras, Guatemala, El Salvador, Panam\u00e1 y Rep\u00fablica Dominicana.<\/p>\n<p>El CENPROMYPE organiz\u00f3 el taller con el prop\u00f3sito de fortalecer y consolidar el liderazgo de las Mipymes regionales y para contribuir en el proceso de integraci\u00f3n regional centroamericana.<\/p>\n<p>Las entidades y delegaciones de los pa\u00edses del SICA compartieron estrategias colaborativas y un plan de acci\u00f3n para mejorar el posicionamiento, representatividad e incidencia de empresarios de las Mipymes a nivel regional.<\/p>\n<p>Gerardo Huertas comparti\u00f3 con los presentes el trabajo realizado por la AJOEM a trav\u00e9s de la alianza para impulsar el emprendimiento, alianza para impulsar el emprendimiento, alianza p\u00fablico-privada donde participan el Estado, empresa y universidad en el fortalecimiento de una cultura de innovaci\u00f3n y emprendimiento en la juventud de Panam\u00e1, detall\u00f3 el comunicado.<\/p>\n<p>\u201cEstos espacios de reflexi\u00f3n y di\u00e1logo son necesarios para visibilizar el rol y la contribuci\u00f3n de emprendedores empresarias y empresarios de la Mipyme en la econom\u00eda de nuestros pa\u00edses. La pol\u00edtica regional que est\u00e1 en debate, es un mecanismo constructivo dise\u00f1ado para facilitar el desarrollo de la Mipyme del hoy, pensando en la Mipyme de ma\u00f1ana\u201d, destac\u00f3 Huertas.<\/p>\n<p>De acuerdo con el informe, algunos de los expositores del taller fueron Miosotis Rivas, directora ejecutiva de CENPROMYPE; Dr. Alex Segovia, consultor t\u00e9cnico y presidente del Instituto Centroamericano de Investigaciones para el Desarrollo el Cambio Social; Veronique Williams, secretaria general de SME United, representante de organizaciones de Mipymes en el marco de la Uni\u00f3n Europea; Olina Salguero, jefa de despacho de la Secretar\u00eda General del Sistema de Integraci\u00f3n Centroamericana (SICA)<\/p>","protected":false},"excerpt":{"rendered":"<p>Nota completa El Taller Liderazgo Mipyme para la integraci\u00f3n regional, organizado por el Centro Regional para la Promoci\u00f3n<\/p>","protected":false},"author":1,"featured_media":867,"comment_status":"closed","ping_status":"closed","sticky":false,"template":"","format":"standard","meta":{"_monsterinsights_skip_tracking":false,"_monsterinsights_sitenote_active":false,"_monsterinsights_sitenote_note":"","_monsterinsights_sitenote_category":0,"footnotes":""},"categories":[11],"tags":[],"class_list":["post-866","post","type-post","status-publish","format-standard","has-post-thumbnail","hentry","category-prensa-emprendedor"],"yoast_head":"<!-- This site is optimized with the Yoast SEO plugin v27.4 - https:\/\/yoast.com\/product\/yoast-seo-wordpress\/ -->\n<title>Forbes - Pymes Centroamericanas de Fortalecen - Gerardo Huertas<\/title>\n<meta name=\"robots\" content=\"index, follow, max-snippet:-1, max-image-preview:large, max-video-preview:-1\" \/>\n<link rel=\"canonical\" href=\"https:\/\/gerardohuertas.com\/en\/forbes-pymes-centroamericanas-de-fortalecen\/\" \/>\n<meta property=\"og:locale\" content=\"en_US\" \/>\n<meta property=\"og:type\" content=\"article\" \/>\n<meta property=\"og:title\" content=\"Forbes - Pymes Centroamericanas de Fortalecen - Gerardo Huertas\" \/>\n<meta property=\"og:description\" content=\"Nota completa El Taller Liderazgo Mipyme para la integraci\u00f3n regional, organizado por el Centro Regional para la Promoci\u00f3n\" \/>\n<meta property=\"og:url\" content=\"https:\/\/gerardohuertas.com\/en\/forbes-pymes-centroamericanas-de-fortalecen\/\" \/>\n<meta property=\"og:site_name\" content=\"Gerardo Huertas\" \/>\n<meta property=\"article:published_time\" content=\"2020-01-01T04:21:19+00:00\" \/>\n<meta property=\"article:modified_time\" content=\"2020-11-23T04:57:49+00:00\" \/>\n<meta property=\"og:image\" content=\"https:\/\/gerardohuertas.com\/wp-content\/uploads\/2020\/11\/IMG_7313.jpeg\" \/>\n\t<meta property=\"og:image:width\" content=\"2048\" \/>\n\t<meta property=\"og:image:height\" content=\"1536\" \/>\n\t<meta property=\"og:image:type\" content=\"image\/jpeg\" \/>\n<meta name=\"author\" content=\"admin\" \/>\n<meta name=\"twitter:card\" content=\"summary_large_image\" \/>\n<meta name=\"twitter:label1\" content=\"Written by\" \/>\n\t<meta name=\"twitter:data1\" content=\"admin\" \/>\n\t<meta name=\"twitter:label2\" content=\"Est. reading time\" \/>\n\t<meta name=\"twitter:data2\" content=\"2 minutes\" \/>\n<script type=\"application\/ld+json\" class=\"yoast-schema-graph\">{\"@context\":\"https:\\\/\\\/schema.org\",\"@graph\":[{\"@type\":\"Article\",\"@id\":\"https:\\\/\\\/gerardohuertas.com\\\/forbes-pymes-centroamericanas-de-fortalecen\\\/#article\",\"isPartOf\":{\"@id\":\"https:\\\/\\\/gerardohuertas.com\\\/forbes-pymes-centroamericanas-de-fortalecen\\\/\"},\"author\":{\"name\":\"admin\",\"@id\":\"https:\\\/\\\/gerardohuertas.com\\\/#\\\/schema\\\/person\\\/4690f86807fef1c5da5c859c2e455fb7\"},\"headline\":\"Forbes &#8211; Pymes Centroamericanas de Fortalecen\",\"datePublished\":\"2020-01-01T04:21:19+00:00\",\"dateModified\":\"2020-11-23T04:57:49+00:00\",\"mainEntityOfPage\":{\"@id\":\"https:\\\/\\\/gerardohuertas.com\\\/forbes-pymes-centroamericanas-de-fortalecen\\\/\"},\"wordCount\":412,\"image\":{\"@id\":\"https:\\\/\\\/gerardohuertas.com\\\/forbes-pymes-centroamericanas-de-fortalecen\\\/#primaryimage\"},\"thumbnailUrl\":\"https:\\\/\\\/gerardohuertas.com\\\/wp-content\\\/uploads\\\/2020\\\/11\\\/IMG_7313.jpeg\",\"articleSection\":[\"Prensa Emprendedor\"],\"inLanguage\":\"en-US\"},{\"@type\":\"WebPage\",\"@id\":\"https:\\\/\\\/gerardohuertas.com\\\/forbes-pymes-centroamericanas-de-fortalecen\\\/\",\"url\":\"https:\\\/\\\/gerardohuertas.com\\\/forbes-pymes-centroamericanas-de-fortalecen\\\/\",\"name\":\"Forbes - Pymes Centroamericanas de Fortalecen - Gerardo Huertas\",\"isPartOf\":{\"@id\":\"https:\\\/\\\/gerardohuertas.com\\\/#website\"},\"primaryImageOfPage\":{\"@id\":\"https:\\\/\\\/gerardohuertas.com\\\/forbes-pymes-centroamericanas-de-fortalecen\\\/#primaryimage\"},\"image\":{\"@id\":\"https:\\\/\\\/gerardohuertas.com\\\/forbes-pymes-centroamericanas-de-fortalecen\\\/#primaryimage\"},\"thumbnailUrl\":\"https:\\\/\\\/gerardohuertas.com\\\/wp-content\\\/uploads\\\/2020\\\/11\\\/IMG_7313.jpeg\",\"datePublished\":\"2020-01-01T04:21:19+00:00\",\"dateModified\":\"2020-11-23T04:57:49+00:00\",\"author\":{\"@id\":\"https:\\\/\\\/gerardohuertas.com\\\/#\\\/schema\\\/person\\\/4690f86807fef1c5da5c859c2e455fb7\"},\"breadcrumb\":{\"@id\":\"https:\\\/\\\/gerardohuertas.com\\\/forbes-pymes-centroamericanas-de-fortalecen\\\/#breadcrumb\"},\"inLanguage\":\"en-US\",\"potentialAction\":[{\"@type\":\"ReadAction\",\"target\":[\"https:\\\/\\\/gerardohuertas.com\\\/forbes-pymes-centroamericanas-de-fortalecen\\\/\"]}]},{\"@type\":\"ImageObject\",\"inLanguage\":\"en-US\",\"@id\":\"https:\\\/\\\/gerardohuertas.com\\\/forbes-pymes-centroamericanas-de-fortalecen\\\/#primaryimage\",\"url\":\"https:\\\/\\\/gerardohuertas.com\\\/wp-content\\\/uploads\\\/2020\\\/11\\\/IMG_7313.jpeg\",\"contentUrl\":\"https:\\\/\\\/gerardohuertas.com\\\/wp-content\\\/uploads\\\/2020\\\/11\\\/IMG_7313.jpeg\",\"width\":2048,\"height\":1536},{\"@type\":\"BreadcrumbList\",\"@id\":\"https:\\\/\\\/gerardohuertas.com\\\/forbes-pymes-centroamericanas-de-fortalecen\\\/#breadcrumb\",\"itemListElement\":[{\"@type\":\"ListItem\",\"position\":1,\"name\":\"Home\",\"item\":\"https:\\\/\\\/gerardohuertas.com\\\/\"},{\"@type\":\"ListItem\",\"position\":2,\"name\":\"Forbes &#8211; Pymes Centroamericanas de Fortalecen\"}]},{\"@type\":\"WebSite\",\"@id\":\"https:\\\/\\\/gerardohuertas.com\\\/#website\",\"url\":\"https:\\\/\\\/gerardohuertas.com\\\/\",\"name\":\"Gerardo Huertas\",\"description\":\"Consultor de Innovaci\u00f3n, Ingenier\u00eda de Software y Growth Hacking\",\"potentialAction\":[{\"@type\":\"SearchAction\",\"target\":{\"@type\":\"EntryPoint\",\"urlTemplate\":\"https:\\\/\\\/gerardohuertas.com\\\/?s={search_term_string}\"},\"query-input\":{\"@type\":\"PropertyValueSpecification\",\"valueRequired\":true,\"valueName\":\"search_term_string\"}}],\"inLanguage\":\"en-US\"},{\"@type\":\"Person\",\"@id\":\"https:\\\/\\\/gerardohuertas.com\\\/#\\\/schema\\\/person\\\/4690f86807fef1c5da5c859c2e455fb7\",\"name\":\"admin\",\"image\":{\"@type\":\"ImageObject\",\"inLanguage\":\"en-US\",\"@id\":\"https:\\\/\\\/secure.gravatar.com\\\/avatar\\\/ae635000ea1e43455be4e53b7179b0e6ca521f711510ec150f01c1e0a36d5d14?s=96&d=mm&r=g\",\"url\":\"https:\\\/\\\/secure.gravatar.com\\\/avatar\\\/ae635000ea1e43455be4e53b7179b0e6ca521f711510ec150f01c1e0a36d5d14?s=96&d=mm&r=g\",\"contentUrl\":\"https:\\\/\\\/secure.gravatar.com\\\/avatar\\\/ae635000ea1e43455be4e53b7179b0e6ca521f711510ec150f01c1e0a36d5d14?s=96&d=mm&r=g\",\"caption\":\"admin\"},\"sameAs\":[\"http:\\\/\\\/gerardohuertas.com\"],\"url\":\"https:\\\/\\\/gerardohuertas.com\\\/en\\\/author\\\/admin\\\/\"}]}<\/script>\n<!-- \/ Yoast SEO plugin. -->","yoast_head_json":{"title":"Forbes - Pymes Centroamericanas de Fortalecen - Gerardo Huertas","robots":{"index":"index","follow":"follow","max-snippet":"max-snippet:-1","max-image-preview":"max-image-preview:large","max-video-preview":"max-video-preview:-1"},"canonical":"https:\/\/gerardohuertas.com\/en\/forbes-pymes-centroamericanas-de-fortalecen\/","og_locale":"en_US","og_type":"article","og_title":"Forbes - Pymes Centroamericanas de Fortalecen - Gerardo Huertas","og_description":"Nota completa El Taller Liderazgo Mipyme para la integraci\u00f3n regional, organizado por el Centro Regional para la Promoci\u00f3n","og_url":"https:\/\/gerardohuertas.com\/en\/forbes-pymes-centroamericanas-de-fortalecen\/","og_site_name":"Gerardo Huertas","article_published_time":"2020-01-01T04:21:19+00:00","article_modified_time":"2020-11-23T04:57:49+00:00","og_image":[{"width":2048,"height":1536,"url":"https:\/\/gerardohuertas.com\/wp-content\/uploads\/2020\/11\/IMG_7313.jpeg","type":"image\/jpeg"}],"author":"admin","twitter_card":"summary_large_image","twitter_misc":{"Written by":"admin","Est. reading time":"2 minutes"},"schema":{"@context":"https:\/\/schema.org","@graph":[{"@type":"Article","@id":"https:\/\/gerardohuertas.com\/forbes-pymes-centroamericanas-de-fortalecen\/#article","isPartOf":{"@id":"https:\/\/gerardohuertas.com\/forbes-pymes-centroamericanas-de-fortalecen\/"},"author":{"name":"admin","@id":"https:\/\/gerardohuertas.com\/#\/schema\/person\/4690f86807fef1c5da5c859c2e455fb7"},"headline":"Forbes &#8211; Pymes Centroamericanas de Fortalecen","datePublished":"2020-01-01T04:21:19+00:00","dateModified":"2020-11-23T04:57:49+00:00","mainEntityOfPage":{"@id":"https:\/\/gerardohuertas.com\/forbes-pymes-centroamericanas-de-fortalecen\/"},"wordCount":412,"image":{"@id":"https:\/\/gerardohuertas.com\/forbes-pymes-centroamericanas-de-fortalecen\/#primaryimage"},"thumbnailUrl":"https:\/\/gerardohuertas.com\/wp-content\/uploads\/2020\/11\/IMG_7313.jpeg","articleSection":["Prensa Emprendedor"],"inLanguage":"en-US"},{"@type":"WebPage","@id":"https:\/\/gerardohuertas.com\/forbes-pymes-centroamericanas-de-fortalecen\/","url":"https:\/\/gerardohuertas.com\/forbes-pymes-centroamericanas-de-fortalecen\/","name":"Forbes - Pymes Centroamericanas de Fortalecen - Gerardo Huertas","isPartOf":{"@id":"https:\/\/gerardohuertas.com\/#website"},"primaryImageOfPage":{"@id":"https:\/\/gerardohuertas.com\/forbes-pymes-centroamericanas-de-fortalecen\/#primaryimage"},"image":{"@id":"https:\/\/gerardohuertas.com\/forbes-pymes-centroamericanas-de-fortalecen\/#primaryimage"},"thumbnailUrl":"https:\/\/gerardohuertas.com\/wp-content\/uploads\/2020\/11\/IMG_7313.jpeg","datePublished":"2020-01-01T04:21:19+00:00","dateModified":"2020-11-23T04:57:49+00:00","author":{"@id":"https:\/\/gerardohuertas.com\/#\/schema\/person\/4690f86807fef1c5da5c859c2e455fb7"},"breadcrumb":{"@id":"https:\/\/gerardohuertas.com\/forbes-pymes-centroamericanas-de-fortalecen\/#breadcrumb"},"inLanguage":"en-US","potentialAction":[{"@type":"ReadAction","target":["https:\/\/gerardohuertas.com\/forbes-pymes-centroamericanas-de-fortalecen\/"]}]},{"@type":"ImageObject","inLanguage":"en-US","@id":"https:\/\/gerardohuertas.com\/forbes-pymes-centroamericanas-de-fortalecen\/#primaryimage","url":"https:\/\/gerardohuertas.com\/wp-content\/uploads\/2020\/11\/IMG_7313.jpeg","contentUrl":"https:\/\/gerardohuertas.com\/wp-content\/uploads\/2020\/11\/IMG_7313.jpeg","width":2048,"height":1536},{"@type":"BreadcrumbList","@id":"https:\/\/gerardohuertas.com\/forbes-pymes-centroamericanas-de-fortalecen\/#breadcrumb","itemListElement":[{"@type":"ListItem","position":1,"name":"Home","item":"https:\/\/gerardohuertas.com\/"},{"@type":"ListItem","position":2,"name":"Forbes &#8211; Pymes Centroamericanas de Fortalecen"}]},{"@type":"WebSite","@id":"https:\/\/gerardohuertas.com\/#website","url":"https:\/\/gerardohuertas.com\/","name":"Gerardo Huertas","description":"Consultor de Innovaci\u00f3n, Ingenier\u00eda de Software y Growth Hacking","potentialAction":[{"@type":"SearchAction","target":{"@type":"EntryPoint","urlTemplate":"https:\/\/gerardohuertas.com\/?s={search_term_string}"},"query-input":{"@type":"PropertyValueSpecification","valueRequired":true,"valueName":"search_term_string"}}],"inLanguage":"en-US"},{"@type":"Person","@id":"https:\/\/gerardohuertas.com\/#\/schema\/person\/4690f86807fef1c5da5c859c2e455fb7","name":"admin","image":{"@type":"ImageObject","inLanguage":"en-US","@id":"https:\/\/secure.gravatar.com\/avatar\/ae635000ea1e43455be4e53b7179b0e6ca521f711510ec150f01c1e0a36d5d14?s=96&d=mm&r=g","url":"https:\/\/secure.gravatar.com\/avatar\/ae635000ea1e43455be4e53b7179b0e6ca521f711510ec150f01c1e0a36d5d14?s=96&d=mm&r=g","contentUrl":"https:\/\/secure.gravatar.com\/avatar\/ae635000ea1e43455be4e53b7179b0e6ca521f711510ec150f01c1e0a36d5d14?s=96&d=mm&r=g","caption":"admin"},"sameAs":["http:\/\/gerardohuertas.com"],"url":"https:\/\/gerardohuertas.com\/en\/author\/admin\/"}]}},"_links":{"self":[{"href":"https:\/\/gerardohuertas.com\/en\/wp-json\/wp\/v2\/posts\/866","targetHints":{"allow":["GET"]}}],"collection":[{"href":"https:\/\/gerardohuertas.com\/en\/wp-json\/wp\/v2\/posts"}],"about":[{"href":"https:\/\/gerardohuertas.com\/en\/wp-json\/wp\/v2\/types\/post"}],"author":[{"embeddable":true,"href":"https:\/\/gerardohuertas.com\/en\/wp-json\/wp\/v2\/users\/1"}],"replies":[{"embeddable":true,"href":"https:\/\/gerardohuertas.com\/en\/wp-json\/wp\/v2\/comments?post=866"}],"version-history":[{"count":1,"href":"https:\/\/gerardohuertas.com\/en\/wp-json\/wp\/v2\/posts\/866\/revisions"}],"predecessor-version":[{"id":868,"href":"https:\/\/gerardohuertas.com\/en\/wp-json\/wp\/v2\/posts\/866\/revisions\/868"}],"wp:featuredmedia":[{"embeddable":true,"href":"https:\/\/gerardohuertas.com\/en\/wp-json\/wp\/v2\/media\/867"}],"wp:attachment":[{"href":"https:\/\/gerardohuertas.com\/en\/wp-json\/wp\/v2\/media?parent=866"}],"wp:term":[{"taxonomy":"category","embeddable":true,"href":"https:\/\/gerardohuertas.com\/en\/wp-json\/wp\/v2\/categories?post=866"},{"taxonomy":"post_tag","embeddable":true,"href":"https:\/\/gerardohuertas.com\/en\/wp-json\/wp\/v2\/tags?post=866"}],"curies":[{"name":"wp","href":"https:\/\/api.w.org\/{rel}","templated":true}]}}