{"id":863,"date":"2020-01-01T04:12:55","date_gmt":"2020-01-01T04:12:55","guid":{"rendered":"https:\/\/gerardohuertas.com\/?p=863"},"modified":"2020-11-23T04:58:03","modified_gmt":"2020-11-23T04:58:03","slug":"rostros-que-suenan-la-ciudad","status":"publish","type":"post","link":"https:\/\/gerardohuertas.com\/en\/rostros-que-suenan-la-ciudad\/","title":{"rendered":"Rostros que sue\u00f1an la ciudad"},"content":{"rendered":"<p><a href=\"https:\/\/rostrosquesuenanlaciudad.com.pa\/gerardo-huertas\/\">Link de la nota\u00a0<\/a><\/p>\n<p>El presidente de la Asociaci\u00f3n de J\u00f3venes Emprendedores (AJOEM) trabaja por una ciudad m\u00e1s ambiciosa. La formaci\u00f3n de l\u00edderes que aporten soluciones reales para los problemas que presenta la ciudad de Panam\u00e1 es su meta. El licenciado en comercio internacional de la Universidad Latina particip\u00f3, en 2016, como alumno de J\u00f3venes L\u00edderes de las Am\u00e9ricas, un programa creado por la administraci\u00f3n del ex presidente de los Estados Unidos Barack Obama, a trav\u00e9s del Departamento de Estado. Huertas, como emprendedor, lidera Panam\u00e1 Virtual Business, empresa especializada en desarrollo de software en Panam\u00e1, Estados Unidos y Latinoam\u00e9rica.<\/p>\n<h2 class=\"fusion-responsive-typography-calculated\" data-fontsize=\"32\" data-lineheight=\"48px\">\u00bfEmprendedor visionario?<\/h2>\n<p class=\"answer-post\">S\u00ed. Pero adem\u00e1s, un emprendedor con prop\u00f3sito de formar a otros l\u00edderes que puedan devolver a la comunidad soluciones a problemas que afectan a los miembros de su entorno. A esas personas, que ya tienen una idea, las ayudamos para que conecten con las herramientas m\u00e1s id\u00f3neas y el trabajo llegue al siguiente nivel.<\/p>\n<h2 class=\"fusion-responsive-typography-calculated\" data-fontsize=\"32\" data-lineheight=\"48px\">\u00bfLa ciudad de Panam\u00e1 est\u00e1 viviendo una etapa de transformaci\u00f3n emprendedora?<\/h2>\n<p class=\"answer-post\">S\u00ed, y la est\u00e1n liderando emprendedores que directa o indirectamente se han beneficiado de la labor que hacemos en Ajoem, que no es solamente de capacitaci\u00f3n, sino tambi\u00e9n hablar en representaci\u00f3n de los j\u00f3venes para conseguir m\u00e1s alianzas con universidades, con la empresa privada y con el gobierno.<\/p>\n<h2 class=\"fusion-responsive-typography-calculated\" data-fontsize=\"32\" data-lineheight=\"48px\">\u00bfEducaci\u00f3n como plan estrat\u00e9gico para la ciudad?<\/h2>\n<p class=\"answer-post\">Tenemos que trabajar en la formaci\u00f3n de estos j\u00f3venes, pero en planes ambiciosos de 20-50 a\u00f1os, que no sea algo a corto plazo. Ese es el mayor aporte que le podemos dar a la ciudad y al pa\u00eds, el fomento de una nueva cultura de pensamiento.<\/p>\n<h2 class=\"fusion-responsive-typography-calculated\" data-fontsize=\"32\" data-lineheight=\"48px\">\u00bfQu\u00e9 sugieres para que siga creciendo el emprendimiento?<\/h2>\n<p class=\"answer-post\">Orientarlo. Hay que definir una estrategia por todo el ecosistema, enti\u00e9ndase gobierno-empresas-universidades que nos lleve hacia donde queramos ir realmente con el tema emprendimiento. Ganas y talento ya hay de sobra.<\/p>\n<h2 class=\"fusion-responsive-typography-calculated\" data-fontsize=\"32\" data-lineheight=\"48px\">\u00bfQu\u00e9 recomiendas a aquellas personas que no se deciden a emprender?<\/h2>\n<p class=\"answer-post\">Las cifras dicen que de cada cinco nuevos empleos, tres son ocupados por emprendedores. Hacia all\u00e1 vamos en todas las \u00e1reas. Yo pas\u00e9 por eso, no me decid\u00eda y ten\u00eda miedo al fracaso hasta que d\u00ed el siguiente paso. Como recomendaci\u00f3n, hay que primero evaluar el entorno y ver muy bien el problema que quieren resolver. Para eso hay que estar muy bien capacitado.<\/p>\n<h2 class=\"fusion-responsive-typography-calculated\" data-fontsize=\"32\" data-lineheight=\"48px\">\u00bfEn qu\u00e9 \u00e1reas est\u00e1n trabajando los emprendedores de la ciudad?<\/h2>\n<p class=\"answer-post\">Yo dir\u00eda que en todas las \u00e1reas. Hay muchos orientados al agro, a la tecnolog\u00eda, el turismo, la log\u00edstica, comercializaci\u00f3n de otros mercados internacionales. La ciudad y el pa\u00eds tienen un sinf\u00edn de ventajas que tenemos que saber explotar.<\/p>\n<h2 class=\"fusion-responsive-typography-calculated\" data-fontsize=\"32\" data-lineheight=\"48px\">\u00bfC\u00f3mo es la ciudad Panam\u00e1 que sue\u00f1as?<\/h2>\n<p class=\"answer-post\">Una ciudad m\u00e1s verde y socialmente responsable. Con crecimiento equitativo, abierta al cambio, resiliente, y con una comunidad que colabore por el bien com\u00fan.<\/p>","protected":false},"excerpt":{"rendered":"<p>Link de la nota\u00a0 El presidente de la Asociaci\u00f3n de J\u00f3venes Emprendedores (AJOEM) trabaja por una ciudad m\u00e1s<\/p>","protected":false},"author":1,"featured_media":864,"comment_status":"closed","ping_status":"closed","sticky":false,"template":"","format":"standard","meta":{"_monsterinsights_skip_tracking":false,"_monsterinsights_sitenote_active":false,"_monsterinsights_sitenote_note":"","_monsterinsights_sitenote_category":0,"footnotes":""},"categories":[11],"tags":[],"class_list":["post-863","post","type-post","status-publish","format-standard","has-post-thumbnail","hentry","category-prensa-emprendedor"],"yoast_head":"<!-- This site is optimized with the Yoast SEO plugin v27.4 - https:\/\/yoast.com\/product\/yoast-seo-wordpress\/ -->\n<title>Rostros que sue\u00f1an la ciudad - Gerardo Huertas<\/title>\n<meta name=\"robots\" content=\"index, follow, max-snippet:-1, max-image-preview:large, max-video-preview:-1\" \/>\n<link rel=\"canonical\" href=\"https:\/\/gerardohuertas.com\/en\/rostros-que-suenan-la-ciudad\/\" \/>\n<meta property=\"og:locale\" content=\"en_US\" \/>\n<meta property=\"og:type\" content=\"article\" \/>\n<meta property=\"og:title\" content=\"Rostros que sue\u00f1an la ciudad - Gerardo Huertas\" \/>\n<meta property=\"og:description\" content=\"Link de la nota\u00a0 El presidente de la Asociaci\u00f3n de J\u00f3venes Emprendedores (AJOEM) trabaja por una ciudad m\u00e1s\" \/>\n<meta property=\"og:url\" content=\"https:\/\/gerardohuertas.com\/en\/rostros-que-suenan-la-ciudad\/\" \/>\n<meta property=\"og:site_name\" content=\"Gerardo Huertas\" \/>\n<meta property=\"article:published_time\" content=\"2020-01-01T04:12:55+00:00\" \/>\n<meta property=\"article:modified_time\" content=\"2020-11-23T04:58:03+00:00\" \/>\n<meta property=\"og:image\" content=\"https:\/\/gerardohuertas.com\/wp-content\/uploads\/2020\/11\/Gerardo-Huertas.jpg\" \/>\n\t<meta property=\"og:image:width\" content=\"720\" \/>\n\t<meta property=\"og:image:height\" content=\"1080\" \/>\n\t<meta property=\"og:image:type\" content=\"image\/jpeg\" \/>\n<meta name=\"author\" content=\"admin\" \/>\n<meta name=\"twitter:card\" content=\"summary_large_image\" \/>\n<meta name=\"twitter:label1\" content=\"Written by\" \/>\n\t<meta name=\"twitter:data1\" content=\"admin\" \/>\n\t<meta name=\"twitter:label2\" content=\"Est. reading time\" \/>\n\t<meta name=\"twitter:data2\" content=\"3 minutes\" \/>\n<script type=\"application\/ld+json\" class=\"yoast-schema-graph\">{\"@context\":\"https:\\\/\\\/schema.org\",\"@graph\":[{\"@type\":\"Article\",\"@id\":\"https:\\\/\\\/gerardohuertas.com\\\/rostros-que-suenan-la-ciudad\\\/#article\",\"isPartOf\":{\"@id\":\"https:\\\/\\\/gerardohuertas.com\\\/rostros-que-suenan-la-ciudad\\\/\"},\"author\":{\"name\":\"admin\",\"@id\":\"https:\\\/\\\/gerardohuertas.com\\\/#\\\/schema\\\/person\\\/4690f86807fef1c5da5c859c2e455fb7\"},\"headline\":\"Rostros que sue\u00f1an la ciudad\",\"datePublished\":\"2020-01-01T04:12:55+00:00\",\"dateModified\":\"2020-11-23T04:58:03+00:00\",\"mainEntityOfPage\":{\"@id\":\"https:\\\/\\\/gerardohuertas.com\\\/rostros-que-suenan-la-ciudad\\\/\"},\"wordCount\":510,\"image\":{\"@id\":\"https:\\\/\\\/gerardohuertas.com\\\/rostros-que-suenan-la-ciudad\\\/#primaryimage\"},\"thumbnailUrl\":\"https:\\\/\\\/gerardohuertas.com\\\/wp-content\\\/uploads\\\/2020\\\/11\\\/Gerardo-Huertas.jpg\",\"articleSection\":[\"Prensa Emprendedor\"],\"inLanguage\":\"en-US\"},{\"@type\":\"WebPage\",\"@id\":\"https:\\\/\\\/gerardohuertas.com\\\/rostros-que-suenan-la-ciudad\\\/\",\"url\":\"https:\\\/\\\/gerardohuertas.com\\\/rostros-que-suenan-la-ciudad\\\/\",\"name\":\"Rostros que sue\u00f1an la ciudad - Gerardo Huertas\",\"isPartOf\":{\"@id\":\"https:\\\/\\\/gerardohuertas.com\\\/#website\"},\"primaryImageOfPage\":{\"@id\":\"https:\\\/\\\/gerardohuertas.com\\\/rostros-que-suenan-la-ciudad\\\/#primaryimage\"},\"image\":{\"@id\":\"https:\\\/\\\/gerardohuertas.com\\\/rostros-que-suenan-la-ciudad\\\/#primaryimage\"},\"thumbnailUrl\":\"https:\\\/\\\/gerardohuertas.com\\\/wp-content\\\/uploads\\\/2020\\\/11\\\/Gerardo-Huertas.jpg\",\"datePublished\":\"2020-01-01T04:12:55+00:00\",\"dateModified\":\"2020-11-23T04:58:03+00:00\",\"author\":{\"@id\":\"https:\\\/\\\/gerardohuertas.com\\\/#\\\/schema\\\/person\\\/4690f86807fef1c5da5c859c2e455fb7\"},\"breadcrumb\":{\"@id\":\"https:\\\/\\\/gerardohuertas.com\\\/rostros-que-suenan-la-ciudad\\\/#breadcrumb\"},\"inLanguage\":\"en-US\",\"potentialAction\":[{\"@type\":\"ReadAction\",\"target\":[\"https:\\\/\\\/gerardohuertas.com\\\/rostros-que-suenan-la-ciudad\\\/\"]}]},{\"@type\":\"ImageObject\",\"inLanguage\":\"en-US\",\"@id\":\"https:\\\/\\\/gerardohuertas.com\\\/rostros-que-suenan-la-ciudad\\\/#primaryimage\",\"url\":\"https:\\\/\\\/gerardohuertas.com\\\/wp-content\\\/uploads\\\/2020\\\/11\\\/Gerardo-Huertas.jpg\",\"contentUrl\":\"https:\\\/\\\/gerardohuertas.com\\\/wp-content\\\/uploads\\\/2020\\\/11\\\/Gerardo-Huertas.jpg\",\"width\":720,\"height\":1080},{\"@type\":\"BreadcrumbList\",\"@id\":\"https:\\\/\\\/gerardohuertas.com\\\/rostros-que-suenan-la-ciudad\\\/#breadcrumb\",\"itemListElement\":[{\"@type\":\"ListItem\",\"position\":1,\"name\":\"Home\",\"item\":\"https:\\\/\\\/gerardohuertas.com\\\/\"},{\"@type\":\"ListItem\",\"position\":2,\"name\":\"Rostros que sue\u00f1an la ciudad\"}]},{\"@type\":\"WebSite\",\"@id\":\"https:\\\/\\\/gerardohuertas.com\\\/#website\",\"url\":\"https:\\\/\\\/gerardohuertas.com\\\/\",\"name\":\"Gerardo Huertas\",\"description\":\"Consultor de Innovaci\u00f3n, Ingenier\u00eda de Software y Growth Hacking\",\"potentialAction\":[{\"@type\":\"SearchAction\",\"target\":{\"@type\":\"EntryPoint\",\"urlTemplate\":\"https:\\\/\\\/gerardohuertas.com\\\/?s={search_term_string}\"},\"query-input\":{\"@type\":\"PropertyValueSpecification\",\"valueRequired\":true,\"valueName\":\"search_term_string\"}}],\"inLanguage\":\"en-US\"},{\"@type\":\"Person\",\"@id\":\"https:\\\/\\\/gerardohuertas.com\\\/#\\\/schema\\\/person\\\/4690f86807fef1c5da5c859c2e455fb7\",\"name\":\"admin\",\"image\":{\"@type\":\"ImageObject\",\"inLanguage\":\"en-US\",\"@id\":\"https:\\\/\\\/secure.gravatar.com\\\/avatar\\\/ae635000ea1e43455be4e53b7179b0e6ca521f711510ec150f01c1e0a36d5d14?s=96&d=mm&r=g\",\"url\":\"https:\\\/\\\/secure.gravatar.com\\\/avatar\\\/ae635000ea1e43455be4e53b7179b0e6ca521f711510ec150f01c1e0a36d5d14?s=96&d=mm&r=g\",\"contentUrl\":\"https:\\\/\\\/secure.gravatar.com\\\/avatar\\\/ae635000ea1e43455be4e53b7179b0e6ca521f711510ec150f01c1e0a36d5d14?s=96&d=mm&r=g\",\"caption\":\"admin\"},\"sameAs\":[\"http:\\\/\\\/gerardohuertas.com\"],\"url\":\"https:\\\/\\\/gerardohuertas.com\\\/en\\\/author\\\/admin\\\/\"}]}<\/script>\n<!-- \/ Yoast SEO plugin. -->","yoast_head_json":{"title":"Rostros que sue\u00f1an la ciudad - Gerardo Huertas","robots":{"index":"index","follow":"follow","max-snippet":"max-snippet:-1","max-image-preview":"max-image-preview:large","max-video-preview":"max-video-preview:-1"},"canonical":"https:\/\/gerardohuertas.com\/en\/rostros-que-suenan-la-ciudad\/","og_locale":"en_US","og_type":"article","og_title":"Rostros que sue\u00f1an la ciudad - Gerardo Huertas","og_description":"Link de la nota\u00a0 El presidente de la Asociaci\u00f3n de J\u00f3venes Emprendedores (AJOEM) trabaja por una ciudad m\u00e1s","og_url":"https:\/\/gerardohuertas.com\/en\/rostros-que-suenan-la-ciudad\/","og_site_name":"Gerardo Huertas","article_published_time":"2020-01-01T04:12:55+00:00","article_modified_time":"2020-11-23T04:58:03+00:00","og_image":[{"width":720,"height":1080,"url":"https:\/\/gerardohuertas.com\/wp-content\/uploads\/2020\/11\/Gerardo-Huertas.jpg","type":"image\/jpeg"}],"author":"admin","twitter_card":"summary_large_image","twitter_misc":{"Written by":"admin","Est. reading time":"3 minutes"},"schema":{"@context":"https:\/\/schema.org","@graph":[{"@type":"Article","@id":"https:\/\/gerardohuertas.com\/rostros-que-suenan-la-ciudad\/#article","isPartOf":{"@id":"https:\/\/gerardohuertas.com\/rostros-que-suenan-la-ciudad\/"},"author":{"name":"admin","@id":"https:\/\/gerardohuertas.com\/#\/schema\/person\/4690f86807fef1c5da5c859c2e455fb7"},"headline":"Rostros que sue\u00f1an la ciudad","datePublished":"2020-01-01T04:12:55+00:00","dateModified":"2020-11-23T04:58:03+00:00","mainEntityOfPage":{"@id":"https:\/\/gerardohuertas.com\/rostros-que-suenan-la-ciudad\/"},"wordCount":510,"image":{"@id":"https:\/\/gerardohuertas.com\/rostros-que-suenan-la-ciudad\/#primaryimage"},"thumbnailUrl":"https:\/\/gerardohuertas.com\/wp-content\/uploads\/2020\/11\/Gerardo-Huertas.jpg","articleSection":["Prensa Emprendedor"],"inLanguage":"en-US"},{"@type":"WebPage","@id":"https:\/\/gerardohuertas.com\/rostros-que-suenan-la-ciudad\/","url":"https:\/\/gerardohuertas.com\/rostros-que-suenan-la-ciudad\/","name":"Rostros que sue\u00f1an la ciudad - Gerardo Huertas","isPartOf":{"@id":"https:\/\/gerardohuertas.com\/#website"},"primaryImageOfPage":{"@id":"https:\/\/gerardohuertas.com\/rostros-que-suenan-la-ciudad\/#primaryimage"},"image":{"@id":"https:\/\/gerardohuertas.com\/rostros-que-suenan-la-ciudad\/#primaryimage"},"thumbnailUrl":"https:\/\/gerardohuertas.com\/wp-content\/uploads\/2020\/11\/Gerardo-Huertas.jpg","datePublished":"2020-01-01T04:12:55+00:00","dateModified":"2020-11-23T04:58:03+00:00","author":{"@id":"https:\/\/gerardohuertas.com\/#\/schema\/person\/4690f86807fef1c5da5c859c2e455fb7"},"breadcrumb":{"@id":"https:\/\/gerardohuertas.com\/rostros-que-suenan-la-ciudad\/#breadcrumb"},"inLanguage":"en-US","potentialAction":[{"@type":"ReadAction","target":["https:\/\/gerardohuertas.com\/rostros-que-suenan-la-ciudad\/"]}]},{"@type":"ImageObject","inLanguage":"en-US","@id":"https:\/\/gerardohuertas.com\/rostros-que-suenan-la-ciudad\/#primaryimage","url":"https:\/\/gerardohuertas.com\/wp-content\/uploads\/2020\/11\/Gerardo-Huertas.jpg","contentUrl":"https:\/\/gerardohuertas.com\/wp-content\/uploads\/2020\/11\/Gerardo-Huertas.jpg","width":720,"height":1080},{"@type":"BreadcrumbList","@id":"https:\/\/gerardohuertas.com\/rostros-que-suenan-la-ciudad\/#breadcrumb","itemListElement":[{"@type":"ListItem","position":1,"name":"Home","item":"https:\/\/gerardohuertas.com\/"},{"@type":"ListItem","position":2,"name":"Rostros que sue\u00f1an la ciudad"}]},{"@type":"WebSite","@id":"https:\/\/gerardohuertas.com\/#website","url":"https:\/\/gerardohuertas.com\/","name":"Gerardo Huertas","description":"Consultor de Innovaci\u00f3n, Ingenier\u00eda de Software y Growth Hacking","potentialAction":[{"@type":"SearchAction","target":{"@type":"EntryPoint","urlTemplate":"https:\/\/gerardohuertas.com\/?s={search_term_string}"},"query-input":{"@type":"PropertyValueSpecification","valueRequired":true,"valueName":"search_term_string"}}],"inLanguage":"en-US"},{"@type":"Person","@id":"https:\/\/gerardohuertas.com\/#\/schema\/person\/4690f86807fef1c5da5c859c2e455fb7","name":"admin","image":{"@type":"ImageObject","inLanguage":"en-US","@id":"https:\/\/secure.gravatar.com\/avatar\/ae635000ea1e43455be4e53b7179b0e6ca521f711510ec150f01c1e0a36d5d14?s=96&d=mm&r=g","url":"https:\/\/secure.gravatar.com\/avatar\/ae635000ea1e43455be4e53b7179b0e6ca521f711510ec150f01c1e0a36d5d14?s=96&d=mm&r=g","contentUrl":"https:\/\/secure.gravatar.com\/avatar\/ae635000ea1e43455be4e53b7179b0e6ca521f711510ec150f01c1e0a36d5d14?s=96&d=mm&r=g","caption":"admin"},"sameAs":["http:\/\/gerardohuertas.com"],"url":"https:\/\/gerardohuertas.com\/en\/author\/admin\/"}]}},"_links":{"self":[{"href":"https:\/\/gerardohuertas.com\/en\/wp-json\/wp\/v2\/posts\/863","targetHints":{"allow":["GET"]}}],"collection":[{"href":"https:\/\/gerardohuertas.com\/en\/wp-json\/wp\/v2\/posts"}],"about":[{"href":"https:\/\/gerardohuertas.com\/en\/wp-json\/wp\/v2\/types\/post"}],"author":[{"embeddable":true,"href":"https:\/\/gerardohuertas.com\/en\/wp-json\/wp\/v2\/users\/1"}],"replies":[{"embeddable":true,"href":"https:\/\/gerardohuertas.com\/en\/wp-json\/wp\/v2\/comments?post=863"}],"version-history":[{"count":1,"href":"https:\/\/gerardohuertas.com\/en\/wp-json\/wp\/v2\/posts\/863\/revisions"}],"predecessor-version":[{"id":865,"href":"https:\/\/gerardohuertas.com\/en\/wp-json\/wp\/v2\/posts\/863\/revisions\/865"}],"wp:featuredmedia":[{"embeddable":true,"href":"https:\/\/gerardohuertas.com\/en\/wp-json\/wp\/v2\/media\/864"}],"wp:attachment":[{"href":"https:\/\/gerardohuertas.com\/en\/wp-json\/wp\/v2\/media?parent=863"}],"wp:term":[{"taxonomy":"category","embeddable":true,"href":"https:\/\/gerardohuertas.com\/en\/wp-json\/wp\/v2\/categories?post=863"},{"taxonomy":"post_tag","embeddable":true,"href":"https:\/\/gerardohuertas.com\/en\/wp-json\/wp\/v2\/tags?post=863"}],"curies":[{"name":"wp","href":"https:\/\/api.w.org\/{rel}","templated":true}]}}