{"id":1319,"date":"2023-05-07T16:53:19","date_gmt":"2023-05-07T16:53:19","guid":{"rendered":"https:\/\/gerardohuertas.com\/?p=1319"},"modified":"2023-05-07T16:53:53","modified_gmt":"2023-05-07T16:53:53","slug":"cable-onda-y-ajoem-firman-alianza-para-impulsar-el-emprendimiento-en-panama","status":"publish","type":"post","link":"https:\/\/gerardohuertas.com\/en\/cable-onda-y-ajoem-firman-alianza-para-impulsar-el-emprendimiento-en-panama\/","title":{"rendered":"Cable Onda y AJOEM firman Alianza para impulsar el emprendimiento en Panam\u00e1"},"content":{"rendered":"<p>En su segunda versi\u00f3n la Asociaci\u00f3n de J\u00f3venes Emprendedores (AJOEM) realiz\u00f3 el \u201cJueves Emprendedor\u201d, el cual se lleva a cabo una vez al mes y cuenta con el apoyo de la Autoridad de la Micro, Peque\u00f1a y Mediana Empresa (AMPYME). En esta ocasi\u00f3n participaron m\u00e1s de 80 j\u00f3venes form\u00e1ndose con charla de E-Commerce y conociendo nuevas herramientas electr\u00f3nicas para la gesti\u00f3n de sus negocios.<\/p>\n<p><strong>El objetivo es brindar herramientas y recursos a los emprendedores paname\u00f1os, producto de la alianza p\u00fablico-privada que impulsa el emprendimiento en el pa\u00eds. En su edici\u00f3n del mes de enero el evento cont\u00f3 con la participaci\u00f3n de m\u00e1s de 75 emprendedores que se capacitaron sobre el tema \u201cPropiedad Intelectual\u201d y \u201cGrowth Hacking\u201d.<\/strong><\/p>\n<p>CABLE ONDA y AJOEM suscribieron un convenio marco de colaboraci\u00f3n, con el que se reafirma la posici\u00f3n de la empresa en \u00a0apoyar el emprendimiento y la innovaci\u00f3n en la juventud de Panam\u00e1. La firma la realiz\u00f3 Gerardo Huertas, presidente de la AJOEM y Ricardo Darr, Director de PYME en Cable Onda, con la participaci\u00f3n de la viceministra de la AMPYME, Nedelka Navas, como testigo de honor.<\/p>\n<p>Ricardo Darr \u2013 Director de Negocio Comercial de Cable Onda menciono: \u201d Vemos en esta iniciativa una oportunidad valiosa para incentivar, apoyar y empoderar a muchos j\u00f3venes paname\u00f1os, para la materializaci\u00f3n\u00a0de sue\u00f1os e ideas innovadoras que contribuyan a nuestro desarrollo social y econ\u00f3mico\u201d.<\/p>\n<p>AJOEM es el gremio que representa al sector de j\u00f3venes emprendedores en el Pacto Nacional por el Emprendimiento, mismo que fue \u00a0firmado por el Presidente de la Rep\u00fablica, Juan Carlos Varela y representantes de m\u00e1s de 34 organizaciones en el a\u00f1o 2016.<\/p>","protected":false},"excerpt":{"rendered":"<p>En su segunda versi\u00f3n la Asociaci\u00f3n de J\u00f3venes Emprendedores (AJOEM) realiz\u00f3 el \u201cJueves Emprendedor\u201d, el cual se lleva<\/p>","protected":false},"author":2,"featured_media":0,"comment_status":"open","ping_status":"open","sticky":false,"template":"","format":"standard","meta":{"_monsterinsights_skip_tracking":false,"_monsterinsights_sitenote_active":false,"_monsterinsights_sitenote_note":"","_monsterinsights_sitenote_category":0,"footnotes":""},"categories":[1],"tags":[],"class_list":["post-1319","post","type-post","status-publish","format-standard","hentry","category-uncategorized"],"yoast_head":"<!-- This site is optimized with the Yoast SEO plugin v27.4 - https:\/\/yoast.com\/product\/yoast-seo-wordpress\/ -->\n<title>Cable Onda y AJOEM firman Alianza para impulsar el emprendimiento en Panam\u00e1 - Gerardo Huertas<\/title>\n<meta name=\"robots\" content=\"index, follow, max-snippet:-1, max-image-preview:large, max-video-preview:-1\" \/>\n<link rel=\"canonical\" href=\"https:\/\/gerardohuertas.com\/en\/cable-onda-y-ajoem-firman-alianza-para-impulsar-el-emprendimiento-en-panama\/\" \/>\n<meta property=\"og:locale\" content=\"en_US\" \/>\n<meta property=\"og:type\" content=\"article\" \/>\n<meta property=\"og:title\" content=\"Cable Onda y AJOEM firman Alianza para impulsar el emprendimiento en Panam\u00e1 - Gerardo Huertas\" \/>\n<meta property=\"og:description\" content=\"En su segunda versi\u00f3n la Asociaci\u00f3n de J\u00f3venes Emprendedores (AJOEM) realiz\u00f3 el \u201cJueves Emprendedor\u201d, el cual se lleva\" \/>\n<meta property=\"og:url\" content=\"https:\/\/gerardohuertas.com\/en\/cable-onda-y-ajoem-firman-alianza-para-impulsar-el-emprendimiento-en-panama\/\" \/>\n<meta property=\"og:site_name\" content=\"Gerardo Huertas\" \/>\n<meta property=\"article:published_time\" content=\"2023-05-07T16:53:19+00:00\" \/>\n<meta property=\"article:modified_time\" content=\"2023-05-07T16:53:53+00:00\" \/>\n<meta name=\"author\" content=\"G H\" \/>\n<meta name=\"twitter:card\" content=\"summary_large_image\" \/>\n<meta name=\"twitter:label1\" content=\"Written by\" \/>\n\t<meta name=\"twitter:data1\" content=\"G H\" \/>\n\t<meta name=\"twitter:label2\" content=\"Est. reading time\" \/>\n\t<meta name=\"twitter:data2\" content=\"2 minutes\" \/>\n<script type=\"application\/ld+json\" class=\"yoast-schema-graph\">{\"@context\":\"https:\\\/\\\/schema.org\",\"@graph\":[{\"@type\":\"Article\",\"@id\":\"https:\\\/\\\/gerardohuertas.com\\\/cable-onda-y-ajoem-firman-alianza-para-impulsar-el-emprendimiento-en-panama\\\/#article\",\"isPartOf\":{\"@id\":\"https:\\\/\\\/gerardohuertas.com\\\/cable-onda-y-ajoem-firman-alianza-para-impulsar-el-emprendimiento-en-panama\\\/\"},\"author\":{\"name\":\"G H\",\"@id\":\"https:\\\/\\\/gerardohuertas.com\\\/#\\\/schema\\\/person\\\/b4853b4a5e81f2fcb3ccd26fd3563707\"},\"headline\":\"Cable Onda y AJOEM firman Alianza para impulsar el emprendimiento en Panam\u00e1\",\"datePublished\":\"2023-05-07T16:53:19+00:00\",\"dateModified\":\"2023-05-07T16:53:53+00:00\",\"mainEntityOfPage\":{\"@id\":\"https:\\\/\\\/gerardohuertas.com\\\/cable-onda-y-ajoem-firman-alianza-para-impulsar-el-emprendimiento-en-panama\\\/\"},\"wordCount\":303,\"commentCount\":0,\"inLanguage\":\"en-US\",\"potentialAction\":[{\"@type\":\"CommentAction\",\"name\":\"Comment\",\"target\":[\"https:\\\/\\\/gerardohuertas.com\\\/cable-onda-y-ajoem-firman-alianza-para-impulsar-el-emprendimiento-en-panama\\\/#respond\"]}]},{\"@type\":\"WebPage\",\"@id\":\"https:\\\/\\\/gerardohuertas.com\\\/cable-onda-y-ajoem-firman-alianza-para-impulsar-el-emprendimiento-en-panama\\\/\",\"url\":\"https:\\\/\\\/gerardohuertas.com\\\/cable-onda-y-ajoem-firman-alianza-para-impulsar-el-emprendimiento-en-panama\\\/\",\"name\":\"Cable Onda y AJOEM firman Alianza para impulsar el emprendimiento en Panam\u00e1 - Gerardo Huertas\",\"isPartOf\":{\"@id\":\"https:\\\/\\\/gerardohuertas.com\\\/#website\"},\"datePublished\":\"2023-05-07T16:53:19+00:00\",\"dateModified\":\"2023-05-07T16:53:53+00:00\",\"author\":{\"@id\":\"https:\\\/\\\/gerardohuertas.com\\\/#\\\/schema\\\/person\\\/b4853b4a5e81f2fcb3ccd26fd3563707\"},\"breadcrumb\":{\"@id\":\"https:\\\/\\\/gerardohuertas.com\\\/cable-onda-y-ajoem-firman-alianza-para-impulsar-el-emprendimiento-en-panama\\\/#breadcrumb\"},\"inLanguage\":\"en-US\",\"potentialAction\":[{\"@type\":\"ReadAction\",\"target\":[\"https:\\\/\\\/gerardohuertas.com\\\/cable-onda-y-ajoem-firman-alianza-para-impulsar-el-emprendimiento-en-panama\\\/\"]}]},{\"@type\":\"BreadcrumbList\",\"@id\":\"https:\\\/\\\/gerardohuertas.com\\\/cable-onda-y-ajoem-firman-alianza-para-impulsar-el-emprendimiento-en-panama\\\/#breadcrumb\",\"itemListElement\":[{\"@type\":\"ListItem\",\"position\":1,\"name\":\"Home\",\"item\":\"https:\\\/\\\/gerardohuertas.com\\\/\"},{\"@type\":\"ListItem\",\"position\":2,\"name\":\"Cable Onda y AJOEM firman Alianza para impulsar el emprendimiento en Panam\u00e1\"}]},{\"@type\":\"WebSite\",\"@id\":\"https:\\\/\\\/gerardohuertas.com\\\/#website\",\"url\":\"https:\\\/\\\/gerardohuertas.com\\\/\",\"name\":\"Gerardo Huertas\",\"description\":\"Consultor de Innovaci\u00f3n, Ingenier\u00eda de Software y Growth Hacking\",\"potentialAction\":[{\"@type\":\"SearchAction\",\"target\":{\"@type\":\"EntryPoint\",\"urlTemplate\":\"https:\\\/\\\/gerardohuertas.com\\\/?s={search_term_string}\"},\"query-input\":{\"@type\":\"PropertyValueSpecification\",\"valueRequired\":true,\"valueName\":\"search_term_string\"}}],\"inLanguage\":\"en-US\"},{\"@type\":\"Person\",\"@id\":\"https:\\\/\\\/gerardohuertas.com\\\/#\\\/schema\\\/person\\\/b4853b4a5e81f2fcb3ccd26fd3563707\",\"name\":\"G H\",\"image\":{\"@type\":\"ImageObject\",\"inLanguage\":\"en-US\",\"@id\":\"https:\\\/\\\/secure.gravatar.com\\\/avatar\\\/b9a370a995df755716ec7fc1a3f3e6c2ec7eb9ce604caa8ba88783a69b15ca07?s=96&d=mm&r=g\",\"url\":\"https:\\\/\\\/secure.gravatar.com\\\/avatar\\\/b9a370a995df755716ec7fc1a3f3e6c2ec7eb9ce604caa8ba88783a69b15ca07?s=96&d=mm&r=g\",\"contentUrl\":\"https:\\\/\\\/secure.gravatar.com\\\/avatar\\\/b9a370a995df755716ec7fc1a3f3e6c2ec7eb9ce604caa8ba88783a69b15ca07?s=96&d=mm&r=g\",\"caption\":\"G H\"},\"url\":\"https:\\\/\\\/gerardohuertas.com\\\/en\\\/author\\\/ghuertas06\\\/\"}]}<\/script>\n<!-- \/ Yoast SEO plugin. -->","yoast_head_json":{"title":"Cable Onda y AJOEM firman Alianza para impulsar el emprendimiento en Panam\u00e1 - Gerardo Huertas","robots":{"index":"index","follow":"follow","max-snippet":"max-snippet:-1","max-image-preview":"max-image-preview:large","max-video-preview":"max-video-preview:-1"},"canonical":"https:\/\/gerardohuertas.com\/en\/cable-onda-y-ajoem-firman-alianza-para-impulsar-el-emprendimiento-en-panama\/","og_locale":"en_US","og_type":"article","og_title":"Cable Onda y AJOEM firman Alianza para impulsar el emprendimiento en Panam\u00e1 - Gerardo Huertas","og_description":"En su segunda versi\u00f3n la Asociaci\u00f3n de J\u00f3venes Emprendedores (AJOEM) realiz\u00f3 el \u201cJueves Emprendedor\u201d, el cual se lleva","og_url":"https:\/\/gerardohuertas.com\/en\/cable-onda-y-ajoem-firman-alianza-para-impulsar-el-emprendimiento-en-panama\/","og_site_name":"Gerardo Huertas","article_published_time":"2023-05-07T16:53:19+00:00","article_modified_time":"2023-05-07T16:53:53+00:00","author":"G H","twitter_card":"summary_large_image","twitter_misc":{"Written by":"G H","Est. reading time":"2 minutes"},"schema":{"@context":"https:\/\/schema.org","@graph":[{"@type":"Article","@id":"https:\/\/gerardohuertas.com\/cable-onda-y-ajoem-firman-alianza-para-impulsar-el-emprendimiento-en-panama\/#article","isPartOf":{"@id":"https:\/\/gerardohuertas.com\/cable-onda-y-ajoem-firman-alianza-para-impulsar-el-emprendimiento-en-panama\/"},"author":{"name":"G H","@id":"https:\/\/gerardohuertas.com\/#\/schema\/person\/b4853b4a5e81f2fcb3ccd26fd3563707"},"headline":"Cable Onda y AJOEM firman Alianza para impulsar el emprendimiento en Panam\u00e1","datePublished":"2023-05-07T16:53:19+00:00","dateModified":"2023-05-07T16:53:53+00:00","mainEntityOfPage":{"@id":"https:\/\/gerardohuertas.com\/cable-onda-y-ajoem-firman-alianza-para-impulsar-el-emprendimiento-en-panama\/"},"wordCount":303,"commentCount":0,"inLanguage":"en-US","potentialAction":[{"@type":"CommentAction","name":"Comment","target":["https:\/\/gerardohuertas.com\/cable-onda-y-ajoem-firman-alianza-para-impulsar-el-emprendimiento-en-panama\/#respond"]}]},{"@type":"WebPage","@id":"https:\/\/gerardohuertas.com\/cable-onda-y-ajoem-firman-alianza-para-impulsar-el-emprendimiento-en-panama\/","url":"https:\/\/gerardohuertas.com\/cable-onda-y-ajoem-firman-alianza-para-impulsar-el-emprendimiento-en-panama\/","name":"Cable Onda y AJOEM firman Alianza para impulsar el emprendimiento en Panam\u00e1 - Gerardo Huertas","isPartOf":{"@id":"https:\/\/gerardohuertas.com\/#website"},"datePublished":"2023-05-07T16:53:19+00:00","dateModified":"2023-05-07T16:53:53+00:00","author":{"@id":"https:\/\/gerardohuertas.com\/#\/schema\/person\/b4853b4a5e81f2fcb3ccd26fd3563707"},"breadcrumb":{"@id":"https:\/\/gerardohuertas.com\/cable-onda-y-ajoem-firman-alianza-para-impulsar-el-emprendimiento-en-panama\/#breadcrumb"},"inLanguage":"en-US","potentialAction":[{"@type":"ReadAction","target":["https:\/\/gerardohuertas.com\/cable-onda-y-ajoem-firman-alianza-para-impulsar-el-emprendimiento-en-panama\/"]}]},{"@type":"BreadcrumbList","@id":"https:\/\/gerardohuertas.com\/cable-onda-y-ajoem-firman-alianza-para-impulsar-el-emprendimiento-en-panama\/#breadcrumb","itemListElement":[{"@type":"ListItem","position":1,"name":"Home","item":"https:\/\/gerardohuertas.com\/"},{"@type":"ListItem","position":2,"name":"Cable Onda y AJOEM firman Alianza para impulsar el emprendimiento en Panam\u00e1"}]},{"@type":"WebSite","@id":"https:\/\/gerardohuertas.com\/#website","url":"https:\/\/gerardohuertas.com\/","name":"Gerardo Huertas","description":"Consultor de Innovaci\u00f3n, Ingenier\u00eda de Software y Growth Hacking","potentialAction":[{"@type":"SearchAction","target":{"@type":"EntryPoint","urlTemplate":"https:\/\/gerardohuertas.com\/?s={search_term_string}"},"query-input":{"@type":"PropertyValueSpecification","valueRequired":true,"valueName":"search_term_string"}}],"inLanguage":"en-US"},{"@type":"Person","@id":"https:\/\/gerardohuertas.com\/#\/schema\/person\/b4853b4a5e81f2fcb3ccd26fd3563707","name":"G H","image":{"@type":"ImageObject","inLanguage":"en-US","@id":"https:\/\/secure.gravatar.com\/avatar\/b9a370a995df755716ec7fc1a3f3e6c2ec7eb9ce604caa8ba88783a69b15ca07?s=96&d=mm&r=g","url":"https:\/\/secure.gravatar.com\/avatar\/b9a370a995df755716ec7fc1a3f3e6c2ec7eb9ce604caa8ba88783a69b15ca07?s=96&d=mm&r=g","contentUrl":"https:\/\/secure.gravatar.com\/avatar\/b9a370a995df755716ec7fc1a3f3e6c2ec7eb9ce604caa8ba88783a69b15ca07?s=96&d=mm&r=g","caption":"G H"},"url":"https:\/\/gerardohuertas.com\/en\/author\/ghuertas06\/"}]}},"_links":{"self":[{"href":"https:\/\/gerardohuertas.com\/en\/wp-json\/wp\/v2\/posts\/1319","targetHints":{"allow":["GET"]}}],"collection":[{"href":"https:\/\/gerardohuertas.com\/en\/wp-json\/wp\/v2\/posts"}],"about":[{"href":"https:\/\/gerardohuertas.com\/en\/wp-json\/wp\/v2\/types\/post"}],"author":[{"embeddable":true,"href":"https:\/\/gerardohuertas.com\/en\/wp-json\/wp\/v2\/users\/2"}],"replies":[{"embeddable":true,"href":"https:\/\/gerardohuertas.com\/en\/wp-json\/wp\/v2\/comments?post=1319"}],"version-history":[{"count":1,"href":"https:\/\/gerardohuertas.com\/en\/wp-json\/wp\/v2\/posts\/1319\/revisions"}],"predecessor-version":[{"id":1320,"href":"https:\/\/gerardohuertas.com\/en\/wp-json\/wp\/v2\/posts\/1319\/revisions\/1320"}],"wp:attachment":[{"href":"https:\/\/gerardohuertas.com\/en\/wp-json\/wp\/v2\/media?parent=1319"}],"wp:term":[{"taxonomy":"category","embeddable":true,"href":"https:\/\/gerardohuertas.com\/en\/wp-json\/wp\/v2\/categories?post=1319"},{"taxonomy":"post_tag","embeddable":true,"href":"https:\/\/gerardohuertas.com\/en\/wp-json\/wp\/v2\/tags?post=1319"}],"curies":[{"name":"wp","href":"https:\/\/api.w.org\/{rel}","templated":true}]}}