{"id":1308,"date":"2023-05-07T16:32:51","date_gmt":"2023-05-07T16:32:51","guid":{"rendered":"https:\/\/gerardohuertas.com\/?p=1308"},"modified":"2023-05-07T16:35:11","modified_gmt":"2023-05-07T16:35:11","slug":"lanzan-plataforma-de-capacitacion-y-networking-para-emprendedores","status":"publish","type":"post","link":"https:\/\/gerardohuertas.com\/en\/lanzan-plataforma-de-capacitacion-y-networking-para-emprendedores\/","title":{"rendered":"Lanzan plataforma de capacitaci\u00f3n y &#8216;networking&#8217; para emprendedores"},"content":{"rendered":"<p>La Asociaci\u00f3n de J\u00f3venes Emprendedores de Panam\u00e1 present\u00f3 unainiciativa tipo Com Cap, para que\u00a0 jueves del mes para intercambiar ideas.<\/p>\n<p id=\"m96-95-97\" class=\"paragraph\">Hoy, la Asociaci\u00f3n de J\u00f3venes Emprendedores de Panam\u00e1, lanz\u00f3 una iniciativa denominada Jueves Emprendedor By AJOEM, un networking basado en el Com Cap, \u201cCommunity Capital\u201d, en el cual expertos del ecosistema de emprendimiento, abogados, l\u00edderes del sector privado, mentores e inversionistas de distintas ramas, comparten ideas, contactos, nuevos negocios y oportunidades de crecimiento para incentivar el emprendimiento.<\/p>\n<p id=\"m101-100-102\" class=\"paragraph\">La nueva opci\u00f3n para los emprendedores cuenta con el apoyo del BID, FOMIN, la Autoridad de la Micro, peque\u00f1a y Mediana Empresa (Ampyme), la Embajada de los Estados Unidos a trav\u00e9s de la Becas Fulbright, Morgan &amp; Morgan y se realizar\u00e1 un jueves al mes, en el que se pondr\u00e1 a disposici\u00f3n de los emprendedores herramientas y recursos, producto de la Alianza para Impulsar el emprendimiento de AJOEM, cuya propuesta busca canalizar recursos econ\u00f3micos del Ecosistema de Emprendimiento, conocimientos de la mano de especialistas y estrategias de l\u00edderes para l\u00edderes en todos los niveles que trabajan para facilitar el emprendimiento.<\/p>\n<p id=\"m106-105-107\" class=\"paragraph\">El objetivo de la Asociaci\u00f3n es compartir nuevas oportunidades del ecosistema, programas de formaci\u00f3n, recursos y herramientas locales de inversi\u00f3n -desde crowdfunding hasta nuevas estructuras de inversi\u00f3n- para mejorar negocios existentes y aumentar el acceso al capital de inversi\u00f3n para los emprendedores nuevos.<\/p>\n<p id=\"m116-115-117\" class=\"paragraph\">Para Gerardo Huertas, presidente de AJOEM, medida que se democratice el capital para los emprendedores, peque\u00f1as empresas y los inversionistas ciudadanos, se har\u00e1 evidente la necesidad que tienen los emprendedores de aprender nuevos t\u00e9rminos y conceptos; adem\u00e1s manejar un lenguaje t\u00e9cnico, jur\u00eddico y financiero, una vez restringido por conocedores de las diferentes materias, es clave para liberar la participaci\u00f3n en nuestras econom\u00edas locales, invitando a los emprendedores a un mundo nuevo e interesante.<\/p>\n<p id=\"m121-120-122\" class=\"paragraph\">\u201cEs importante que algunos t\u00e9rminos se utilicen con fluidez y sean entendidos por todos, por lo que elegimos la palabra capital, que representa mucho m\u00e1s que el capital financiero y puede ser un recordatorio \u00fatil cuando se planea \u00abhacer crecer el capital\u00bb; y por ello hablamos de muchas formas de capital &#8211; capital comunitario &#8211; lo que nos da una oportunidad para una conversaci\u00f3n m\u00e1s rica y m\u00e1s aut\u00e9ntica, alrededor de la inversi\u00f3n y sus impactos econ\u00f3micos. Vamos a abrazar esta nueva oportunidad de ser participantes en nuestras econom\u00edas, ayudando con la necesidad de conocimiento que sin duda lo acompa\u00f1ar\u00e1\u201d, enfatiz\u00f3 Huertas.<\/p>\n<p id=\"m126-125-127\" class=\"paragraph\">En su lanzamiento, la AJOEM cont\u00f3 con la participaci\u00f3n del embajador de Estados Unidos en Panam\u00e1, John Feeley, adem\u00e1s de Nedelka Nava, subdirectora y Lourdes P\u00e9rez, en representaci\u00f3n de la Ampyme.<\/p>\n<p id=\"m136-135-137\" class=\"paragraph\">Entre los expositores estuvo Amy Pearl, fundadora y directora del Hatch Innovation Portland, quien expuso sobre el tema \u201cConstruyendo un Ecosistema de Emprendimiento\u201d, en el que destac\u00f3 la importancia de apoyar a los startups porque son nuestro futuro; explic\u00f3 adem\u00e1s que el modelo de negocio que utilizan en Hatch Innovation busca ayudar a las personas a las fundar empresas para mejorar las comunidades y las econom\u00edas locales, a trav\u00e9s de los emprendedores; pero que a su vez para que haya un verdadero ecosistema de emprendimiento tienen que existir programas educativos, pol\u00edticas p\u00fablicas de apoyo, red solidaria de socios, mentores, apoyo de la comunidad y la prensa, herramientas contempor\u00e1neas y capital compatible.<\/p>\n<p id=\"m141-140-142\" class=\"paragraph\">Asimismo, John Jackley, director ejecutivo de ATC y expresidente de Portland Development Commission, disert\u00f3 acerca del \u201cModelo Autosostenible de la Ciudad de Portland, Oregon\u201d, sostuvo que a trav\u00e9s del desarrollo econ\u00f3mico de los startups permite la creaci\u00f3n de empleos, ofrece la oportunidad a las personas para encontrar empleo lo que es parte de un desarrollo social equilibrado.\u00a0 Igualmente, enfatiz\u00f3 lo m\u00e1s importante es mejorar el nivel de vida de empleados, clientes, contratistas, familias; asimismo las exportaciones de servicios y productos con acceso a mercados m\u00e1s grandes.\u00a0 En cuanto al desarrollo comunitario explic\u00f3 que esto es para lograr niveles de ingresos mejores e infraestructura, escuelas de capacitaci\u00f3n t\u00e9cnicas, crecimiento de los negocios, crear riqueza, alentar a otros startups a continuar adelante.<\/p>\n<p id=\"m146-145-147\" class=\"paragraph\">Esta es una vitrina para participen emprendedores con ideas, con proyectos en ejecuci\u00f3n, inversionistas locales, abogados, l\u00edderes de Universidades, l\u00edderes del sector privado, l\u00edderes del ecosistema de emprendimiento y el p\u00fablico -los l\u00edderes interesados en compartir herramientas y devolver recursos a sus comunidades- aportando experiencias y conocimientos.<\/p>\n<p>Fuente: La Estrella de Panam\u00e1<\/p>","protected":false},"excerpt":{"rendered":"<p>La Asociaci\u00f3n de J\u00f3venes Emprendedores de Panam\u00e1 present\u00f3 unainiciativa tipo Com Cap, para que\u00a0 jueves del mes para<\/p>","protected":false},"author":2,"featured_media":0,"comment_status":"open","ping_status":"open","sticky":false,"template":"","format":"standard","meta":{"_monsterinsights_skip_tracking":false,"_monsterinsights_sitenote_active":false,"_monsterinsights_sitenote_note":"","_monsterinsights_sitenote_category":0,"footnotes":""},"categories":[1],"tags":[],"class_list":["post-1308","post","type-post","status-publish","format-standard","hentry","category-uncategorized"],"yoast_head":"<!-- This site is optimized with the Yoast SEO plugin v27.4 - https:\/\/yoast.com\/product\/yoast-seo-wordpress\/ -->\n<title>Lanzan plataforma de capacitaci\u00f3n y &#039;networking&#039; para emprendedores - Gerardo Huertas<\/title>\n<meta name=\"robots\" content=\"index, follow, max-snippet:-1, max-image-preview:large, max-video-preview:-1\" \/>\n<link rel=\"canonical\" href=\"https:\/\/gerardohuertas.com\/en\/lanzan-plataforma-de-capacitacion-y-networking-para-emprendedores\/\" \/>\n<meta property=\"og:locale\" content=\"en_US\" \/>\n<meta property=\"og:type\" content=\"article\" \/>\n<meta property=\"og:title\" content=\"Lanzan plataforma de capacitaci\u00f3n y &#039;networking&#039; para emprendedores - Gerardo Huertas\" \/>\n<meta property=\"og:description\" content=\"La Asociaci\u00f3n de J\u00f3venes Emprendedores de Panam\u00e1 present\u00f3 unainiciativa tipo Com Cap, para que\u00a0 jueves del mes para\" \/>\n<meta property=\"og:url\" content=\"https:\/\/gerardohuertas.com\/en\/lanzan-plataforma-de-capacitacion-y-networking-para-emprendedores\/\" \/>\n<meta property=\"og:site_name\" content=\"Gerardo Huertas\" \/>\n<meta property=\"article:published_time\" content=\"2023-05-07T16:32:51+00:00\" \/>\n<meta property=\"article:modified_time\" content=\"2023-05-07T16:35:11+00:00\" \/>\n<meta name=\"author\" content=\"G H\" \/>\n<meta name=\"twitter:card\" content=\"summary_large_image\" \/>\n<meta name=\"twitter:label1\" content=\"Written by\" \/>\n\t<meta name=\"twitter:data1\" content=\"G H\" \/>\n\t<meta name=\"twitter:label2\" content=\"Est. reading time\" \/>\n\t<meta name=\"twitter:data2\" content=\"4 minutes\" \/>\n<script type=\"application\/ld+json\" class=\"yoast-schema-graph\">{\"@context\":\"https:\\\/\\\/schema.org\",\"@graph\":[{\"@type\":\"Article\",\"@id\":\"https:\\\/\\\/gerardohuertas.com\\\/lanzan-plataforma-de-capacitacion-y-networking-para-emprendedores\\\/#article\",\"isPartOf\":{\"@id\":\"https:\\\/\\\/gerardohuertas.com\\\/lanzan-plataforma-de-capacitacion-y-networking-para-emprendedores\\\/\"},\"author\":{\"name\":\"G H\",\"@id\":\"https:\\\/\\\/gerardohuertas.com\\\/#\\\/schema\\\/person\\\/b4853b4a5e81f2fcb3ccd26fd3563707\"},\"headline\":\"Lanzan plataforma de capacitaci\u00f3n y &#8216;networking&#8217; para emprendedores\",\"datePublished\":\"2023-05-07T16:32:51+00:00\",\"dateModified\":\"2023-05-07T16:35:11+00:00\",\"mainEntityOfPage\":{\"@id\":\"https:\\\/\\\/gerardohuertas.com\\\/lanzan-plataforma-de-capacitacion-y-networking-para-emprendedores\\\/\"},\"wordCount\":775,\"commentCount\":0,\"inLanguage\":\"en-US\",\"potentialAction\":[{\"@type\":\"CommentAction\",\"name\":\"Comment\",\"target\":[\"https:\\\/\\\/gerardohuertas.com\\\/lanzan-plataforma-de-capacitacion-y-networking-para-emprendedores\\\/#respond\"]}]},{\"@type\":\"WebPage\",\"@id\":\"https:\\\/\\\/gerardohuertas.com\\\/lanzan-plataforma-de-capacitacion-y-networking-para-emprendedores\\\/\",\"url\":\"https:\\\/\\\/gerardohuertas.com\\\/lanzan-plataforma-de-capacitacion-y-networking-para-emprendedores\\\/\",\"name\":\"Lanzan plataforma de capacitaci\u00f3n y 'networking' para emprendedores - Gerardo Huertas\",\"isPartOf\":{\"@id\":\"https:\\\/\\\/gerardohuertas.com\\\/#website\"},\"datePublished\":\"2023-05-07T16:32:51+00:00\",\"dateModified\":\"2023-05-07T16:35:11+00:00\",\"author\":{\"@id\":\"https:\\\/\\\/gerardohuertas.com\\\/#\\\/schema\\\/person\\\/b4853b4a5e81f2fcb3ccd26fd3563707\"},\"breadcrumb\":{\"@id\":\"https:\\\/\\\/gerardohuertas.com\\\/lanzan-plataforma-de-capacitacion-y-networking-para-emprendedores\\\/#breadcrumb\"},\"inLanguage\":\"en-US\",\"potentialAction\":[{\"@type\":\"ReadAction\",\"target\":[\"https:\\\/\\\/gerardohuertas.com\\\/lanzan-plataforma-de-capacitacion-y-networking-para-emprendedores\\\/\"]}]},{\"@type\":\"BreadcrumbList\",\"@id\":\"https:\\\/\\\/gerardohuertas.com\\\/lanzan-plataforma-de-capacitacion-y-networking-para-emprendedores\\\/#breadcrumb\",\"itemListElement\":[{\"@type\":\"ListItem\",\"position\":1,\"name\":\"Home\",\"item\":\"https:\\\/\\\/gerardohuertas.com\\\/\"},{\"@type\":\"ListItem\",\"position\":2,\"name\":\"Lanzan plataforma de capacitaci\u00f3n y &#8216;networking&#8217; para emprendedores\"}]},{\"@type\":\"WebSite\",\"@id\":\"https:\\\/\\\/gerardohuertas.com\\\/#website\",\"url\":\"https:\\\/\\\/gerardohuertas.com\\\/\",\"name\":\"Gerardo Huertas\",\"description\":\"Consultor de Innovaci\u00f3n, Ingenier\u00eda de Software y Growth Hacking\",\"potentialAction\":[{\"@type\":\"SearchAction\",\"target\":{\"@type\":\"EntryPoint\",\"urlTemplate\":\"https:\\\/\\\/gerardohuertas.com\\\/?s={search_term_string}\"},\"query-input\":{\"@type\":\"PropertyValueSpecification\",\"valueRequired\":true,\"valueName\":\"search_term_string\"}}],\"inLanguage\":\"en-US\"},{\"@type\":\"Person\",\"@id\":\"https:\\\/\\\/gerardohuertas.com\\\/#\\\/schema\\\/person\\\/b4853b4a5e81f2fcb3ccd26fd3563707\",\"name\":\"G H\",\"image\":{\"@type\":\"ImageObject\",\"inLanguage\":\"en-US\",\"@id\":\"https:\\\/\\\/secure.gravatar.com\\\/avatar\\\/b9a370a995df755716ec7fc1a3f3e6c2ec7eb9ce604caa8ba88783a69b15ca07?s=96&d=mm&r=g\",\"url\":\"https:\\\/\\\/secure.gravatar.com\\\/avatar\\\/b9a370a995df755716ec7fc1a3f3e6c2ec7eb9ce604caa8ba88783a69b15ca07?s=96&d=mm&r=g\",\"contentUrl\":\"https:\\\/\\\/secure.gravatar.com\\\/avatar\\\/b9a370a995df755716ec7fc1a3f3e6c2ec7eb9ce604caa8ba88783a69b15ca07?s=96&d=mm&r=g\",\"caption\":\"G H\"},\"url\":\"https:\\\/\\\/gerardohuertas.com\\\/en\\\/author\\\/ghuertas06\\\/\"}]}<\/script>\n<!-- \/ Yoast SEO plugin. -->","yoast_head_json":{"title":"Lanzan plataforma de capacitaci\u00f3n y 'networking' para emprendedores - Gerardo Huertas","robots":{"index":"index","follow":"follow","max-snippet":"max-snippet:-1","max-image-preview":"max-image-preview:large","max-video-preview":"max-video-preview:-1"},"canonical":"https:\/\/gerardohuertas.com\/en\/lanzan-plataforma-de-capacitacion-y-networking-para-emprendedores\/","og_locale":"en_US","og_type":"article","og_title":"Lanzan plataforma de capacitaci\u00f3n y 'networking' para emprendedores - Gerardo Huertas","og_description":"La Asociaci\u00f3n de J\u00f3venes Emprendedores de Panam\u00e1 present\u00f3 unainiciativa tipo Com Cap, para que\u00a0 jueves del mes para","og_url":"https:\/\/gerardohuertas.com\/en\/lanzan-plataforma-de-capacitacion-y-networking-para-emprendedores\/","og_site_name":"Gerardo Huertas","article_published_time":"2023-05-07T16:32:51+00:00","article_modified_time":"2023-05-07T16:35:11+00:00","author":"G H","twitter_card":"summary_large_image","twitter_misc":{"Written by":"G H","Est. reading time":"4 minutes"},"schema":{"@context":"https:\/\/schema.org","@graph":[{"@type":"Article","@id":"https:\/\/gerardohuertas.com\/lanzan-plataforma-de-capacitacion-y-networking-para-emprendedores\/#article","isPartOf":{"@id":"https:\/\/gerardohuertas.com\/lanzan-plataforma-de-capacitacion-y-networking-para-emprendedores\/"},"author":{"name":"G H","@id":"https:\/\/gerardohuertas.com\/#\/schema\/person\/b4853b4a5e81f2fcb3ccd26fd3563707"},"headline":"Lanzan plataforma de capacitaci\u00f3n y &#8216;networking&#8217; para emprendedores","datePublished":"2023-05-07T16:32:51+00:00","dateModified":"2023-05-07T16:35:11+00:00","mainEntityOfPage":{"@id":"https:\/\/gerardohuertas.com\/lanzan-plataforma-de-capacitacion-y-networking-para-emprendedores\/"},"wordCount":775,"commentCount":0,"inLanguage":"en-US","potentialAction":[{"@type":"CommentAction","name":"Comment","target":["https:\/\/gerardohuertas.com\/lanzan-plataforma-de-capacitacion-y-networking-para-emprendedores\/#respond"]}]},{"@type":"WebPage","@id":"https:\/\/gerardohuertas.com\/lanzan-plataforma-de-capacitacion-y-networking-para-emprendedores\/","url":"https:\/\/gerardohuertas.com\/lanzan-plataforma-de-capacitacion-y-networking-para-emprendedores\/","name":"Lanzan plataforma de capacitaci\u00f3n y 'networking' para emprendedores - Gerardo Huertas","isPartOf":{"@id":"https:\/\/gerardohuertas.com\/#website"},"datePublished":"2023-05-07T16:32:51+00:00","dateModified":"2023-05-07T16:35:11+00:00","author":{"@id":"https:\/\/gerardohuertas.com\/#\/schema\/person\/b4853b4a5e81f2fcb3ccd26fd3563707"},"breadcrumb":{"@id":"https:\/\/gerardohuertas.com\/lanzan-plataforma-de-capacitacion-y-networking-para-emprendedores\/#breadcrumb"},"inLanguage":"en-US","potentialAction":[{"@type":"ReadAction","target":["https:\/\/gerardohuertas.com\/lanzan-plataforma-de-capacitacion-y-networking-para-emprendedores\/"]}]},{"@type":"BreadcrumbList","@id":"https:\/\/gerardohuertas.com\/lanzan-plataforma-de-capacitacion-y-networking-para-emprendedores\/#breadcrumb","itemListElement":[{"@type":"ListItem","position":1,"name":"Home","item":"https:\/\/gerardohuertas.com\/"},{"@type":"ListItem","position":2,"name":"Lanzan plataforma de capacitaci\u00f3n y &#8216;networking&#8217; para emprendedores"}]},{"@type":"WebSite","@id":"https:\/\/gerardohuertas.com\/#website","url":"https:\/\/gerardohuertas.com\/","name":"Gerardo Huertas","description":"Consultor de Innovaci\u00f3n, Ingenier\u00eda de Software y Growth Hacking","potentialAction":[{"@type":"SearchAction","target":{"@type":"EntryPoint","urlTemplate":"https:\/\/gerardohuertas.com\/?s={search_term_string}"},"query-input":{"@type":"PropertyValueSpecification","valueRequired":true,"valueName":"search_term_string"}}],"inLanguage":"en-US"},{"@type":"Person","@id":"https:\/\/gerardohuertas.com\/#\/schema\/person\/b4853b4a5e81f2fcb3ccd26fd3563707","name":"G H","image":{"@type":"ImageObject","inLanguage":"en-US","@id":"https:\/\/secure.gravatar.com\/avatar\/b9a370a995df755716ec7fc1a3f3e6c2ec7eb9ce604caa8ba88783a69b15ca07?s=96&d=mm&r=g","url":"https:\/\/secure.gravatar.com\/avatar\/b9a370a995df755716ec7fc1a3f3e6c2ec7eb9ce604caa8ba88783a69b15ca07?s=96&d=mm&r=g","contentUrl":"https:\/\/secure.gravatar.com\/avatar\/b9a370a995df755716ec7fc1a3f3e6c2ec7eb9ce604caa8ba88783a69b15ca07?s=96&d=mm&r=g","caption":"G H"},"url":"https:\/\/gerardohuertas.com\/en\/author\/ghuertas06\/"}]}},"_links":{"self":[{"href":"https:\/\/gerardohuertas.com\/en\/wp-json\/wp\/v2\/posts\/1308","targetHints":{"allow":["GET"]}}],"collection":[{"href":"https:\/\/gerardohuertas.com\/en\/wp-json\/wp\/v2\/posts"}],"about":[{"href":"https:\/\/gerardohuertas.com\/en\/wp-json\/wp\/v2\/types\/post"}],"author":[{"embeddable":true,"href":"https:\/\/gerardohuertas.com\/en\/wp-json\/wp\/v2\/users\/2"}],"replies":[{"embeddable":true,"href":"https:\/\/gerardohuertas.com\/en\/wp-json\/wp\/v2\/comments?post=1308"}],"version-history":[{"count":1,"href":"https:\/\/gerardohuertas.com\/en\/wp-json\/wp\/v2\/posts\/1308\/revisions"}],"predecessor-version":[{"id":1309,"href":"https:\/\/gerardohuertas.com\/en\/wp-json\/wp\/v2\/posts\/1308\/revisions\/1309"}],"wp:attachment":[{"href":"https:\/\/gerardohuertas.com\/en\/wp-json\/wp\/v2\/media?parent=1308"}],"wp:term":[{"taxonomy":"category","embeddable":true,"href":"https:\/\/gerardohuertas.com\/en\/wp-json\/wp\/v2\/categories?post=1308"},{"taxonomy":"post_tag","embeddable":true,"href":"https:\/\/gerardohuertas.com\/en\/wp-json\/wp\/v2\/tags?post=1308"}],"curies":[{"name":"wp","href":"https:\/\/api.w.org\/{rel}","templated":true}]}}