{"id":1306,"date":"2023-05-07T16:25:30","date_gmt":"2023-05-07T16:25:30","guid":{"rendered":"https:\/\/gerardohuertas.com\/?p=1306"},"modified":"2023-05-07T16:26:00","modified_gmt":"2023-05-07T16:26:00","slug":"el-visionario-detras-de-la-asociacion-de-emprendedores","status":"publish","type":"post","link":"https:\/\/gerardohuertas.com\/en\/el-visionario-detras-de-la-asociacion-de-emprendedores\/","title":{"rendered":"El visionario detr\u00e1s de la Asociaci\u00f3n de Emprendedores"},"content":{"rendered":"<p>Los j\u00f3venes no se sienten identificados con el emprendimiento en Panam\u00e1 hasta la creaci\u00f3n de AJOEM (Asociaci\u00f3n de J\u00f3venes Emprendedores), esta fue una de las razones por la cual Gerardo Huertas se inspir\u00f3 para reunir talento juvenil entre sus amigos y conocidos; formando un equipo oficial de profesionales comprometidos con el emprendimiento. Hoy d\u00eda cuenta con el respaldo de la embajada de Estados Unidos, Israel, empresas con programas de responsabilidad empresarial y otras instituciones internacionales enfocadas a promover el emprendimiento.<\/p>\n<p>Emprender para Gerardo Huertas, no s\u00f3lo es buscar ser su propio jefe o mejorar su calidad de vida. El desea que sus habilidades sean el mecanismo por el cual pueda devolver a la comunidad de tal forma que podamos impactar positivamente en la econom\u00eda de familias de toda la naci\u00f3n e incluso latinoam\u00e9rica.<\/p>\n<p>Gerardo Huertas inicio AJOEM en el a\u00f1o 2014, siempre lo han catalogado como un visionario o so\u00f1ador. Pero a pesar de los retos logro con sus amigos fundar AJOEM. En el a\u00f1o 2015 el Ministerio de Educaci\u00f3n les da la resoluci\u00f3n como entidad con fines educativos y en el 2016 como entidad deducible de impuestos por la Direcci\u00f3n General de Ingresos.<\/p>\n<p>La clave de la vida para Gerardo es compartir nuestros recursos a la mayor cantidad de personas posible; para que de esta manera, no le falte nada a ning\u00fan miembro de la humanidad. Las respuestas a los m\u00e1s grandes problemas est\u00e1n en la mente de emprendedores buscando educaci\u00f3n.<\/p>\n<p>Y por ello el objetivo de AJOEM es compartir nuevas oportunidades del ecosistema, programas de formaci\u00f3n, recursos y herramientas locales de inversi\u00f3n -desde crowdfunding hasta nuevas estructuras de inversi\u00f3n- para mejorar negocios existentes y aumentar el acceso al capital de inversi\u00f3n para los emprendedores que est\u00e1n empezando. Es necesario un crecimiento econ\u00f3mico sostenible disminuyendo la desigualdad.<\/p>\n<p>Todos los miembros fundadores de AJOEM son creyentes de la democratizaci\u00f3n del capital para los emprendedores, peque\u00f1as empresas y los inversionistas ciudadanos. Esto es clave para liberar la participaci\u00f3n en nuestras econom\u00edas locales, invitando a los emprendedores a un mundo nuevo e interesante.<\/p>\n<h2>Logros de AJOEM<\/h2>\n<ul>\n<li>AJOEM cuenta con m\u00e1s de 314 miembros<\/li>\n<li>Participado de 7 programas internacionales<\/li>\n<li>M\u00e1s de 250 eventos realizados<\/li>\n<li>M\u00e1s de 7400 j\u00f3venes capacitados<\/li>\n<\/ul>\n<p>Cortes\u00eda de LiderazgoEmpresarial.biz<\/p>","protected":false},"excerpt":{"rendered":"<p>Los j\u00f3venes no se sienten identificados con el emprendimiento en Panam\u00e1 hasta la creaci\u00f3n de AJOEM (Asociaci\u00f3n de<\/p>","protected":false},"author":2,"featured_media":901,"comment_status":"open","ping_status":"open","sticky":false,"template":"","format":"standard","meta":{"_monsterinsights_skip_tracking":false,"_monsterinsights_sitenote_active":false,"_monsterinsights_sitenote_note":"","_monsterinsights_sitenote_category":0,"footnotes":""},"categories":[11],"tags":[],"class_list":["post-1306","post","type-post","status-publish","format-standard","has-post-thumbnail","hentry","category-prensa-emprendedor"],"yoast_head":"<!-- This site is optimized with the Yoast SEO plugin v27.4 - https:\/\/yoast.com\/product\/yoast-seo-wordpress\/ -->\n<title>El visionario detr\u00e1s de la Asociaci\u00f3n de Emprendedores - Gerardo Huertas<\/title>\n<meta name=\"robots\" content=\"index, follow, max-snippet:-1, max-image-preview:large, max-video-preview:-1\" \/>\n<link rel=\"canonical\" href=\"https:\/\/gerardohuertas.com\/en\/el-visionario-detras-de-la-asociacion-de-emprendedores\/\" \/>\n<meta property=\"og:locale\" content=\"en_US\" \/>\n<meta property=\"og:type\" content=\"article\" \/>\n<meta property=\"og:title\" content=\"El visionario detr\u00e1s de la Asociaci\u00f3n de Emprendedores - Gerardo Huertas\" \/>\n<meta property=\"og:description\" content=\"Los j\u00f3venes no se sienten identificados con el emprendimiento en Panam\u00e1 hasta la creaci\u00f3n de AJOEM (Asociaci\u00f3n de\" \/>\n<meta property=\"og:url\" content=\"https:\/\/gerardohuertas.com\/en\/el-visionario-detras-de-la-asociacion-de-emprendedores\/\" \/>\n<meta property=\"og:site_name\" content=\"Gerardo Huertas\" \/>\n<meta property=\"article:published_time\" content=\"2023-05-07T16:25:30+00:00\" \/>\n<meta property=\"article:modified_time\" content=\"2023-05-07T16:26:00+00:00\" \/>\n<meta property=\"og:image\" content=\"https:\/\/gerardohuertas.com\/wp-content\/uploads\/2020\/11\/foto-buena-1-scaled-e1606137229828.jpg\" \/>\n\t<meta property=\"og:image:width\" content=\"1587\" \/>\n\t<meta property=\"og:image:height\" content=\"1707\" \/>\n\t<meta property=\"og:image:type\" content=\"image\/jpeg\" \/>\n<meta name=\"author\" content=\"G H\" \/>\n<meta name=\"twitter:card\" content=\"summary_large_image\" \/>\n<meta name=\"twitter:label1\" content=\"Written by\" \/>\n\t<meta name=\"twitter:data1\" content=\"G H\" \/>\n\t<meta name=\"twitter:label2\" content=\"Est. reading time\" \/>\n\t<meta name=\"twitter:data2\" content=\"2 minutes\" \/>\n<script type=\"application\/ld+json\" class=\"yoast-schema-graph\">{\"@context\":\"https:\\\/\\\/schema.org\",\"@graph\":[{\"@type\":\"Article\",\"@id\":\"https:\\\/\\\/gerardohuertas.com\\\/el-visionario-detras-de-la-asociacion-de-emprendedores\\\/#article\",\"isPartOf\":{\"@id\":\"https:\\\/\\\/gerardohuertas.com\\\/el-visionario-detras-de-la-asociacion-de-emprendedores\\\/\"},\"author\":{\"name\":\"G H\",\"@id\":\"https:\\\/\\\/gerardohuertas.com\\\/#\\\/schema\\\/person\\\/b4853b4a5e81f2fcb3ccd26fd3563707\"},\"headline\":\"El visionario detr\u00e1s de la Asociaci\u00f3n de Emprendedores\",\"datePublished\":\"2023-05-07T16:25:30+00:00\",\"dateModified\":\"2023-05-07T16:26:00+00:00\",\"mainEntityOfPage\":{\"@id\":\"https:\\\/\\\/gerardohuertas.com\\\/el-visionario-detras-de-la-asociacion-de-emprendedores\\\/\"},\"wordCount\":407,\"commentCount\":0,\"image\":{\"@id\":\"https:\\\/\\\/gerardohuertas.com\\\/el-visionario-detras-de-la-asociacion-de-emprendedores\\\/#primaryimage\"},\"thumbnailUrl\":\"https:\\\/\\\/gerardohuertas.com\\\/wp-content\\\/uploads\\\/2020\\\/11\\\/foto-buena-1-scaled-e1606137229828.jpg\",\"articleSection\":[\"Prensa Emprendedor\"],\"inLanguage\":\"en-US\",\"potentialAction\":[{\"@type\":\"CommentAction\",\"name\":\"Comment\",\"target\":[\"https:\\\/\\\/gerardohuertas.com\\\/el-visionario-detras-de-la-asociacion-de-emprendedores\\\/#respond\"]}]},{\"@type\":\"WebPage\",\"@id\":\"https:\\\/\\\/gerardohuertas.com\\\/el-visionario-detras-de-la-asociacion-de-emprendedores\\\/\",\"url\":\"https:\\\/\\\/gerardohuertas.com\\\/el-visionario-detras-de-la-asociacion-de-emprendedores\\\/\",\"name\":\"El visionario detr\u00e1s de la Asociaci\u00f3n de Emprendedores - Gerardo Huertas\",\"isPartOf\":{\"@id\":\"https:\\\/\\\/gerardohuertas.com\\\/#website\"},\"primaryImageOfPage\":{\"@id\":\"https:\\\/\\\/gerardohuertas.com\\\/el-visionario-detras-de-la-asociacion-de-emprendedores\\\/#primaryimage\"},\"image\":{\"@id\":\"https:\\\/\\\/gerardohuertas.com\\\/el-visionario-detras-de-la-asociacion-de-emprendedores\\\/#primaryimage\"},\"thumbnailUrl\":\"https:\\\/\\\/gerardohuertas.com\\\/wp-content\\\/uploads\\\/2020\\\/11\\\/foto-buena-1-scaled-e1606137229828.jpg\",\"datePublished\":\"2023-05-07T16:25:30+00:00\",\"dateModified\":\"2023-05-07T16:26:00+00:00\",\"author\":{\"@id\":\"https:\\\/\\\/gerardohuertas.com\\\/#\\\/schema\\\/person\\\/b4853b4a5e81f2fcb3ccd26fd3563707\"},\"breadcrumb\":{\"@id\":\"https:\\\/\\\/gerardohuertas.com\\\/el-visionario-detras-de-la-asociacion-de-emprendedores\\\/#breadcrumb\"},\"inLanguage\":\"en-US\",\"potentialAction\":[{\"@type\":\"ReadAction\",\"target\":[\"https:\\\/\\\/gerardohuertas.com\\\/el-visionario-detras-de-la-asociacion-de-emprendedores\\\/\"]}]},{\"@type\":\"ImageObject\",\"inLanguage\":\"en-US\",\"@id\":\"https:\\\/\\\/gerardohuertas.com\\\/el-visionario-detras-de-la-asociacion-de-emprendedores\\\/#primaryimage\",\"url\":\"https:\\\/\\\/gerardohuertas.com\\\/wp-content\\\/uploads\\\/2020\\\/11\\\/foto-buena-1-scaled-e1606137229828.jpg\",\"contentUrl\":\"https:\\\/\\\/gerardohuertas.com\\\/wp-content\\\/uploads\\\/2020\\\/11\\\/foto-buena-1-scaled-e1606137229828.jpg\",\"width\":1587,\"height\":1707,\"caption\":\"Gerardo- Huertas\"},{\"@type\":\"BreadcrumbList\",\"@id\":\"https:\\\/\\\/gerardohuertas.com\\\/el-visionario-detras-de-la-asociacion-de-emprendedores\\\/#breadcrumb\",\"itemListElement\":[{\"@type\":\"ListItem\",\"position\":1,\"name\":\"Home\",\"item\":\"https:\\\/\\\/gerardohuertas.com\\\/\"},{\"@type\":\"ListItem\",\"position\":2,\"name\":\"El visionario detr\u00e1s de la Asociaci\u00f3n de Emprendedores\"}]},{\"@type\":\"WebSite\",\"@id\":\"https:\\\/\\\/gerardohuertas.com\\\/#website\",\"url\":\"https:\\\/\\\/gerardohuertas.com\\\/\",\"name\":\"Gerardo Huertas\",\"description\":\"Consultor de Innovaci\u00f3n, Ingenier\u00eda de Software y Growth Hacking\",\"potentialAction\":[{\"@type\":\"SearchAction\",\"target\":{\"@type\":\"EntryPoint\",\"urlTemplate\":\"https:\\\/\\\/gerardohuertas.com\\\/?s={search_term_string}\"},\"query-input\":{\"@type\":\"PropertyValueSpecification\",\"valueRequired\":true,\"valueName\":\"search_term_string\"}}],\"inLanguage\":\"en-US\"},{\"@type\":\"Person\",\"@id\":\"https:\\\/\\\/gerardohuertas.com\\\/#\\\/schema\\\/person\\\/b4853b4a5e81f2fcb3ccd26fd3563707\",\"name\":\"G H\",\"image\":{\"@type\":\"ImageObject\",\"inLanguage\":\"en-US\",\"@id\":\"https:\\\/\\\/secure.gravatar.com\\\/avatar\\\/b9a370a995df755716ec7fc1a3f3e6c2ec7eb9ce604caa8ba88783a69b15ca07?s=96&d=mm&r=g\",\"url\":\"https:\\\/\\\/secure.gravatar.com\\\/avatar\\\/b9a370a995df755716ec7fc1a3f3e6c2ec7eb9ce604caa8ba88783a69b15ca07?s=96&d=mm&r=g\",\"contentUrl\":\"https:\\\/\\\/secure.gravatar.com\\\/avatar\\\/b9a370a995df755716ec7fc1a3f3e6c2ec7eb9ce604caa8ba88783a69b15ca07?s=96&d=mm&r=g\",\"caption\":\"G H\"},\"url\":\"https:\\\/\\\/gerardohuertas.com\\\/en\\\/author\\\/ghuertas06\\\/\"}]}<\/script>\n<!-- \/ Yoast SEO plugin. -->","yoast_head_json":{"title":"El visionario detr\u00e1s de la Asociaci\u00f3n de Emprendedores - Gerardo Huertas","robots":{"index":"index","follow":"follow","max-snippet":"max-snippet:-1","max-image-preview":"max-image-preview:large","max-video-preview":"max-video-preview:-1"},"canonical":"https:\/\/gerardohuertas.com\/en\/el-visionario-detras-de-la-asociacion-de-emprendedores\/","og_locale":"en_US","og_type":"article","og_title":"El visionario detr\u00e1s de la Asociaci\u00f3n de Emprendedores - Gerardo Huertas","og_description":"Los j\u00f3venes no se sienten identificados con el emprendimiento en Panam\u00e1 hasta la creaci\u00f3n de AJOEM (Asociaci\u00f3n de","og_url":"https:\/\/gerardohuertas.com\/en\/el-visionario-detras-de-la-asociacion-de-emprendedores\/","og_site_name":"Gerardo Huertas","article_published_time":"2023-05-07T16:25:30+00:00","article_modified_time":"2023-05-07T16:26:00+00:00","og_image":[{"width":1587,"height":1707,"url":"https:\/\/gerardohuertas.com\/wp-content\/uploads\/2020\/11\/foto-buena-1-scaled-e1606137229828.jpg","type":"image\/jpeg"}],"author":"G H","twitter_card":"summary_large_image","twitter_misc":{"Written by":"G H","Est. reading time":"2 minutes"},"schema":{"@context":"https:\/\/schema.org","@graph":[{"@type":"Article","@id":"https:\/\/gerardohuertas.com\/el-visionario-detras-de-la-asociacion-de-emprendedores\/#article","isPartOf":{"@id":"https:\/\/gerardohuertas.com\/el-visionario-detras-de-la-asociacion-de-emprendedores\/"},"author":{"name":"G H","@id":"https:\/\/gerardohuertas.com\/#\/schema\/person\/b4853b4a5e81f2fcb3ccd26fd3563707"},"headline":"El visionario detr\u00e1s de la Asociaci\u00f3n de Emprendedores","datePublished":"2023-05-07T16:25:30+00:00","dateModified":"2023-05-07T16:26:00+00:00","mainEntityOfPage":{"@id":"https:\/\/gerardohuertas.com\/el-visionario-detras-de-la-asociacion-de-emprendedores\/"},"wordCount":407,"commentCount":0,"image":{"@id":"https:\/\/gerardohuertas.com\/el-visionario-detras-de-la-asociacion-de-emprendedores\/#primaryimage"},"thumbnailUrl":"https:\/\/gerardohuertas.com\/wp-content\/uploads\/2020\/11\/foto-buena-1-scaled-e1606137229828.jpg","articleSection":["Prensa Emprendedor"],"inLanguage":"en-US","potentialAction":[{"@type":"CommentAction","name":"Comment","target":["https:\/\/gerardohuertas.com\/el-visionario-detras-de-la-asociacion-de-emprendedores\/#respond"]}]},{"@type":"WebPage","@id":"https:\/\/gerardohuertas.com\/el-visionario-detras-de-la-asociacion-de-emprendedores\/","url":"https:\/\/gerardohuertas.com\/el-visionario-detras-de-la-asociacion-de-emprendedores\/","name":"El visionario detr\u00e1s de la Asociaci\u00f3n de Emprendedores - Gerardo Huertas","isPartOf":{"@id":"https:\/\/gerardohuertas.com\/#website"},"primaryImageOfPage":{"@id":"https:\/\/gerardohuertas.com\/el-visionario-detras-de-la-asociacion-de-emprendedores\/#primaryimage"},"image":{"@id":"https:\/\/gerardohuertas.com\/el-visionario-detras-de-la-asociacion-de-emprendedores\/#primaryimage"},"thumbnailUrl":"https:\/\/gerardohuertas.com\/wp-content\/uploads\/2020\/11\/foto-buena-1-scaled-e1606137229828.jpg","datePublished":"2023-05-07T16:25:30+00:00","dateModified":"2023-05-07T16:26:00+00:00","author":{"@id":"https:\/\/gerardohuertas.com\/#\/schema\/person\/b4853b4a5e81f2fcb3ccd26fd3563707"},"breadcrumb":{"@id":"https:\/\/gerardohuertas.com\/el-visionario-detras-de-la-asociacion-de-emprendedores\/#breadcrumb"},"inLanguage":"en-US","potentialAction":[{"@type":"ReadAction","target":["https:\/\/gerardohuertas.com\/el-visionario-detras-de-la-asociacion-de-emprendedores\/"]}]},{"@type":"ImageObject","inLanguage":"en-US","@id":"https:\/\/gerardohuertas.com\/el-visionario-detras-de-la-asociacion-de-emprendedores\/#primaryimage","url":"https:\/\/gerardohuertas.com\/wp-content\/uploads\/2020\/11\/foto-buena-1-scaled-e1606137229828.jpg","contentUrl":"https:\/\/gerardohuertas.com\/wp-content\/uploads\/2020\/11\/foto-buena-1-scaled-e1606137229828.jpg","width":1587,"height":1707,"caption":"Gerardo- Huertas"},{"@type":"BreadcrumbList","@id":"https:\/\/gerardohuertas.com\/el-visionario-detras-de-la-asociacion-de-emprendedores\/#breadcrumb","itemListElement":[{"@type":"ListItem","position":1,"name":"Home","item":"https:\/\/gerardohuertas.com\/"},{"@type":"ListItem","position":2,"name":"El visionario detr\u00e1s de la Asociaci\u00f3n de Emprendedores"}]},{"@type":"WebSite","@id":"https:\/\/gerardohuertas.com\/#website","url":"https:\/\/gerardohuertas.com\/","name":"Gerardo Huertas","description":"Consultor de Innovaci\u00f3n, Ingenier\u00eda de Software y Growth Hacking","potentialAction":[{"@type":"SearchAction","target":{"@type":"EntryPoint","urlTemplate":"https:\/\/gerardohuertas.com\/?s={search_term_string}"},"query-input":{"@type":"PropertyValueSpecification","valueRequired":true,"valueName":"search_term_string"}}],"inLanguage":"en-US"},{"@type":"Person","@id":"https:\/\/gerardohuertas.com\/#\/schema\/person\/b4853b4a5e81f2fcb3ccd26fd3563707","name":"G H","image":{"@type":"ImageObject","inLanguage":"en-US","@id":"https:\/\/secure.gravatar.com\/avatar\/b9a370a995df755716ec7fc1a3f3e6c2ec7eb9ce604caa8ba88783a69b15ca07?s=96&d=mm&r=g","url":"https:\/\/secure.gravatar.com\/avatar\/b9a370a995df755716ec7fc1a3f3e6c2ec7eb9ce604caa8ba88783a69b15ca07?s=96&d=mm&r=g","contentUrl":"https:\/\/secure.gravatar.com\/avatar\/b9a370a995df755716ec7fc1a3f3e6c2ec7eb9ce604caa8ba88783a69b15ca07?s=96&d=mm&r=g","caption":"G H"},"url":"https:\/\/gerardohuertas.com\/en\/author\/ghuertas06\/"}]}},"_links":{"self":[{"href":"https:\/\/gerardohuertas.com\/en\/wp-json\/wp\/v2\/posts\/1306","targetHints":{"allow":["GET"]}}],"collection":[{"href":"https:\/\/gerardohuertas.com\/en\/wp-json\/wp\/v2\/posts"}],"about":[{"href":"https:\/\/gerardohuertas.com\/en\/wp-json\/wp\/v2\/types\/post"}],"author":[{"embeddable":true,"href":"https:\/\/gerardohuertas.com\/en\/wp-json\/wp\/v2\/users\/2"}],"replies":[{"embeddable":true,"href":"https:\/\/gerardohuertas.com\/en\/wp-json\/wp\/v2\/comments?post=1306"}],"version-history":[{"count":1,"href":"https:\/\/gerardohuertas.com\/en\/wp-json\/wp\/v2\/posts\/1306\/revisions"}],"predecessor-version":[{"id":1307,"href":"https:\/\/gerardohuertas.com\/en\/wp-json\/wp\/v2\/posts\/1306\/revisions\/1307"}],"wp:featuredmedia":[{"embeddable":true,"href":"https:\/\/gerardohuertas.com\/en\/wp-json\/wp\/v2\/media\/901"}],"wp:attachment":[{"href":"https:\/\/gerardohuertas.com\/en\/wp-json\/wp\/v2\/media?parent=1306"}],"wp:term":[{"taxonomy":"category","embeddable":true,"href":"https:\/\/gerardohuertas.com\/en\/wp-json\/wp\/v2\/categories?post=1306"},{"taxonomy":"post_tag","embeddable":true,"href":"https:\/\/gerardohuertas.com\/en\/wp-json\/wp\/v2\/tags?post=1306"}],"curies":[{"name":"wp","href":"https:\/\/api.w.org\/{rel}","templated":true}]}}