{"id":1304,"date":"2023-05-07T16:23:53","date_gmt":"2023-05-07T16:23:53","guid":{"rendered":"https:\/\/gerardohuertas.com\/?p=1304"},"modified":"2023-05-07T16:23:53","modified_gmt":"2023-05-07T16:23:53","slug":"tercera-edicion-del-jueves-emprendedor-ajoem-ampyme","status":"publish","type":"post","link":"https:\/\/gerardohuertas.com\/en\/tercera-edicion-del-jueves-emprendedor-ajoem-ampyme\/","title":{"rendered":"Tercera edici\u00f3n del Jueves Emprendedor AJOEM AMPYME"},"content":{"rendered":"<p class=\"yiv8125757474msonormal\">Con el tema lo \u201cQue necesitas para Emprender\u201d, se realiz\u00f3 la tercera edici\u00f3n del Jueves Emprendedor, iniciativa llevada a cabo por la Autoridad de Micro, Peque\u00f1a y Mediana Empresa (AMPYME), en conjunto con la\u00a0Asociaci\u00f3n de j\u00f3venes Emprendedores\u00a0(AJOEM), en donde expertos del ecosistema de emprendimiento, l\u00edderes del sector privado, inversionistas de distintos \u00e1mbitos, comparten ideas, contactos, nuevos negocios y oportunidades de crecimiento de sus empresas.<span id=\"more-19204\"><\/span><\/p>\n<p class=\"yiv8125757474msonormal\">El espacio llevado a cabo en las instalaciones de la AMPYME, inici\u00f3 con las palabras de bienvenida de Nedelka Navas, subdirectora General de la AMPYME, quien exhort\u00f3 a los presentes para que contin\u00faen aprovechando esas oportunidades de conocimientos que contribuyen en el crecimiento\u00a0 de sus negocios.<\/p>\n<p class=\"yiv8125757474msonormal\">Durante el encuentro se llev\u00f3 a cabo un panel con\u00a0\u00a0empresarios y aliados de AJOEM\u00a0\u00a0y exposiciones, sobre\u00a0 \u201cHerramientas para Emprender\u201d, entre\u00a0\u00a0otros temas\u00a0de formaci\u00f3n, recursos y herramientas locales de inversi\u00f3n, dirigidas a mejorar negocios existentes y aumentar el acceso al capital de inversi\u00f3n para los emprendedores nuevos.<\/p>\n<p class=\"yiv8125757474msonormal\">La actividad realizada este jueves 19 de abril, cont\u00f3 con la participaci\u00f3n de unas 43 personas, entre emprendedores y empresarios de la micro, peque\u00f1a y mediana empresa. Adem\u00e1s de\u00a0 la participaci\u00f3n de Gerardo Huertas, presidente de AJOEM\u00a0y\u00a0<em>H\u00e9ctor Cotes<\/em>, presidente de la\u00a0<em>Asociaci\u00f3n Paname\u00f1a de Ejecutivos de Empresa (APEDE)<\/em><\/p>\n<p class=\"yiv8125757474msonormal\">Es importante se\u00f1alar que \u201cJueves Emprendedor\u201d comprende una alianza p\u00fablico-privada, creada en aras de canalizar apoyo t\u00e9cnico y econ\u00f3mico entre la universidad, empresas, Estado y la juventud emprendedora, para impulsar el emprendimiento en Panam\u00e1.<\/p>","protected":false},"excerpt":{"rendered":"<p>Con el tema lo \u201cQue necesitas para Emprender\u201d, se realiz\u00f3 la tercera edici\u00f3n del Jueves Emprendedor, iniciativa llevada<\/p>","protected":false},"author":2,"featured_media":0,"comment_status":"open","ping_status":"open","sticky":false,"template":"","format":"standard","meta":{"_monsterinsights_skip_tracking":false,"_monsterinsights_sitenote_active":false,"_monsterinsights_sitenote_note":"","_monsterinsights_sitenote_category":0,"footnotes":""},"categories":[1],"tags":[],"class_list":["post-1304","post","type-post","status-publish","format-standard","hentry","category-uncategorized"],"yoast_head":"<!-- This site is optimized with the Yoast SEO plugin v27.4 - https:\/\/yoast.com\/product\/yoast-seo-wordpress\/ -->\n<title>Tercera edici\u00f3n del Jueves Emprendedor AJOEM AMPYME - Gerardo Huertas<\/title>\n<meta name=\"robots\" content=\"index, follow, max-snippet:-1, max-image-preview:large, max-video-preview:-1\" \/>\n<link rel=\"canonical\" href=\"https:\/\/gerardohuertas.com\/en\/tercera-edicion-del-jueves-emprendedor-ajoem-ampyme\/\" \/>\n<meta property=\"og:locale\" content=\"en_US\" \/>\n<meta property=\"og:type\" content=\"article\" \/>\n<meta property=\"og:title\" content=\"Tercera edici\u00f3n del Jueves Emprendedor AJOEM AMPYME - Gerardo Huertas\" \/>\n<meta property=\"og:description\" content=\"Con el tema lo \u201cQue necesitas para Emprender\u201d, se realiz\u00f3 la tercera edici\u00f3n del Jueves Emprendedor, iniciativa llevada\" \/>\n<meta property=\"og:url\" content=\"https:\/\/gerardohuertas.com\/en\/tercera-edicion-del-jueves-emprendedor-ajoem-ampyme\/\" \/>\n<meta property=\"og:site_name\" content=\"Gerardo Huertas\" \/>\n<meta property=\"article:published_time\" content=\"2023-05-07T16:23:53+00:00\" \/>\n<meta name=\"author\" content=\"G H\" \/>\n<meta name=\"twitter:card\" content=\"summary_large_image\" \/>\n<meta name=\"twitter:label1\" content=\"Written by\" \/>\n\t<meta name=\"twitter:data1\" content=\"G H\" \/>\n\t<meta name=\"twitter:label2\" content=\"Est. reading time\" \/>\n\t<meta name=\"twitter:data2\" content=\"2 minutes\" \/>\n<script type=\"application\/ld+json\" class=\"yoast-schema-graph\">{\"@context\":\"https:\\\/\\\/schema.org\",\"@graph\":[{\"@type\":\"Article\",\"@id\":\"https:\\\/\\\/gerardohuertas.com\\\/tercera-edicion-del-jueves-emprendedor-ajoem-ampyme\\\/#article\",\"isPartOf\":{\"@id\":\"https:\\\/\\\/gerardohuertas.com\\\/tercera-edicion-del-jueves-emprendedor-ajoem-ampyme\\\/\"},\"author\":{\"name\":\"G H\",\"@id\":\"https:\\\/\\\/gerardohuertas.com\\\/#\\\/schema\\\/person\\\/b4853b4a5e81f2fcb3ccd26fd3563707\"},\"headline\":\"Tercera edici\u00f3n del Jueves Emprendedor AJOEM AMPYME\",\"datePublished\":\"2023-05-07T16:23:53+00:00\",\"mainEntityOfPage\":{\"@id\":\"https:\\\/\\\/gerardohuertas.com\\\/tercera-edicion-del-jueves-emprendedor-ajoem-ampyme\\\/\"},\"wordCount\":271,\"commentCount\":0,\"inLanguage\":\"en-US\",\"potentialAction\":[{\"@type\":\"CommentAction\",\"name\":\"Comment\",\"target\":[\"https:\\\/\\\/gerardohuertas.com\\\/tercera-edicion-del-jueves-emprendedor-ajoem-ampyme\\\/#respond\"]}]},{\"@type\":\"WebPage\",\"@id\":\"https:\\\/\\\/gerardohuertas.com\\\/tercera-edicion-del-jueves-emprendedor-ajoem-ampyme\\\/\",\"url\":\"https:\\\/\\\/gerardohuertas.com\\\/tercera-edicion-del-jueves-emprendedor-ajoem-ampyme\\\/\",\"name\":\"Tercera edici\u00f3n del Jueves Emprendedor AJOEM AMPYME - Gerardo Huertas\",\"isPartOf\":{\"@id\":\"https:\\\/\\\/gerardohuertas.com\\\/#website\"},\"datePublished\":\"2023-05-07T16:23:53+00:00\",\"author\":{\"@id\":\"https:\\\/\\\/gerardohuertas.com\\\/#\\\/schema\\\/person\\\/b4853b4a5e81f2fcb3ccd26fd3563707\"},\"breadcrumb\":{\"@id\":\"https:\\\/\\\/gerardohuertas.com\\\/tercera-edicion-del-jueves-emprendedor-ajoem-ampyme\\\/#breadcrumb\"},\"inLanguage\":\"en-US\",\"potentialAction\":[{\"@type\":\"ReadAction\",\"target\":[\"https:\\\/\\\/gerardohuertas.com\\\/tercera-edicion-del-jueves-emprendedor-ajoem-ampyme\\\/\"]}]},{\"@type\":\"BreadcrumbList\",\"@id\":\"https:\\\/\\\/gerardohuertas.com\\\/tercera-edicion-del-jueves-emprendedor-ajoem-ampyme\\\/#breadcrumb\",\"itemListElement\":[{\"@type\":\"ListItem\",\"position\":1,\"name\":\"Home\",\"item\":\"https:\\\/\\\/gerardohuertas.com\\\/\"},{\"@type\":\"ListItem\",\"position\":2,\"name\":\"Tercera edici\u00f3n del Jueves Emprendedor AJOEM AMPYME\"}]},{\"@type\":\"WebSite\",\"@id\":\"https:\\\/\\\/gerardohuertas.com\\\/#website\",\"url\":\"https:\\\/\\\/gerardohuertas.com\\\/\",\"name\":\"Gerardo Huertas\",\"description\":\"Consultor de Innovaci\u00f3n, Ingenier\u00eda de Software y Growth Hacking\",\"potentialAction\":[{\"@type\":\"SearchAction\",\"target\":{\"@type\":\"EntryPoint\",\"urlTemplate\":\"https:\\\/\\\/gerardohuertas.com\\\/?s={search_term_string}\"},\"query-input\":{\"@type\":\"PropertyValueSpecification\",\"valueRequired\":true,\"valueName\":\"search_term_string\"}}],\"inLanguage\":\"en-US\"},{\"@type\":\"Person\",\"@id\":\"https:\\\/\\\/gerardohuertas.com\\\/#\\\/schema\\\/person\\\/b4853b4a5e81f2fcb3ccd26fd3563707\",\"name\":\"G H\",\"image\":{\"@type\":\"ImageObject\",\"inLanguage\":\"en-US\",\"@id\":\"https:\\\/\\\/secure.gravatar.com\\\/avatar\\\/b9a370a995df755716ec7fc1a3f3e6c2ec7eb9ce604caa8ba88783a69b15ca07?s=96&d=mm&r=g\",\"url\":\"https:\\\/\\\/secure.gravatar.com\\\/avatar\\\/b9a370a995df755716ec7fc1a3f3e6c2ec7eb9ce604caa8ba88783a69b15ca07?s=96&d=mm&r=g\",\"contentUrl\":\"https:\\\/\\\/secure.gravatar.com\\\/avatar\\\/b9a370a995df755716ec7fc1a3f3e6c2ec7eb9ce604caa8ba88783a69b15ca07?s=96&d=mm&r=g\",\"caption\":\"G H\"},\"url\":\"https:\\\/\\\/gerardohuertas.com\\\/en\\\/author\\\/ghuertas06\\\/\"}]}<\/script>\n<!-- \/ Yoast SEO plugin. -->","yoast_head_json":{"title":"Tercera edici\u00f3n del Jueves Emprendedor AJOEM AMPYME - Gerardo Huertas","robots":{"index":"index","follow":"follow","max-snippet":"max-snippet:-1","max-image-preview":"max-image-preview:large","max-video-preview":"max-video-preview:-1"},"canonical":"https:\/\/gerardohuertas.com\/en\/tercera-edicion-del-jueves-emprendedor-ajoem-ampyme\/","og_locale":"en_US","og_type":"article","og_title":"Tercera edici\u00f3n del Jueves Emprendedor AJOEM AMPYME - Gerardo Huertas","og_description":"Con el tema lo \u201cQue necesitas para Emprender\u201d, se realiz\u00f3 la tercera edici\u00f3n del Jueves Emprendedor, iniciativa llevada","og_url":"https:\/\/gerardohuertas.com\/en\/tercera-edicion-del-jueves-emprendedor-ajoem-ampyme\/","og_site_name":"Gerardo Huertas","article_published_time":"2023-05-07T16:23:53+00:00","author":"G H","twitter_card":"summary_large_image","twitter_misc":{"Written by":"G H","Est. reading time":"2 minutes"},"schema":{"@context":"https:\/\/schema.org","@graph":[{"@type":"Article","@id":"https:\/\/gerardohuertas.com\/tercera-edicion-del-jueves-emprendedor-ajoem-ampyme\/#article","isPartOf":{"@id":"https:\/\/gerardohuertas.com\/tercera-edicion-del-jueves-emprendedor-ajoem-ampyme\/"},"author":{"name":"G H","@id":"https:\/\/gerardohuertas.com\/#\/schema\/person\/b4853b4a5e81f2fcb3ccd26fd3563707"},"headline":"Tercera edici\u00f3n del Jueves Emprendedor AJOEM AMPYME","datePublished":"2023-05-07T16:23:53+00:00","mainEntityOfPage":{"@id":"https:\/\/gerardohuertas.com\/tercera-edicion-del-jueves-emprendedor-ajoem-ampyme\/"},"wordCount":271,"commentCount":0,"inLanguage":"en-US","potentialAction":[{"@type":"CommentAction","name":"Comment","target":["https:\/\/gerardohuertas.com\/tercera-edicion-del-jueves-emprendedor-ajoem-ampyme\/#respond"]}]},{"@type":"WebPage","@id":"https:\/\/gerardohuertas.com\/tercera-edicion-del-jueves-emprendedor-ajoem-ampyme\/","url":"https:\/\/gerardohuertas.com\/tercera-edicion-del-jueves-emprendedor-ajoem-ampyme\/","name":"Tercera edici\u00f3n del Jueves Emprendedor AJOEM AMPYME - Gerardo Huertas","isPartOf":{"@id":"https:\/\/gerardohuertas.com\/#website"},"datePublished":"2023-05-07T16:23:53+00:00","author":{"@id":"https:\/\/gerardohuertas.com\/#\/schema\/person\/b4853b4a5e81f2fcb3ccd26fd3563707"},"breadcrumb":{"@id":"https:\/\/gerardohuertas.com\/tercera-edicion-del-jueves-emprendedor-ajoem-ampyme\/#breadcrumb"},"inLanguage":"en-US","potentialAction":[{"@type":"ReadAction","target":["https:\/\/gerardohuertas.com\/tercera-edicion-del-jueves-emprendedor-ajoem-ampyme\/"]}]},{"@type":"BreadcrumbList","@id":"https:\/\/gerardohuertas.com\/tercera-edicion-del-jueves-emprendedor-ajoem-ampyme\/#breadcrumb","itemListElement":[{"@type":"ListItem","position":1,"name":"Home","item":"https:\/\/gerardohuertas.com\/"},{"@type":"ListItem","position":2,"name":"Tercera edici\u00f3n del Jueves Emprendedor AJOEM AMPYME"}]},{"@type":"WebSite","@id":"https:\/\/gerardohuertas.com\/#website","url":"https:\/\/gerardohuertas.com\/","name":"Gerardo Huertas","description":"Consultor de Innovaci\u00f3n, Ingenier\u00eda de Software y Growth Hacking","potentialAction":[{"@type":"SearchAction","target":{"@type":"EntryPoint","urlTemplate":"https:\/\/gerardohuertas.com\/?s={search_term_string}"},"query-input":{"@type":"PropertyValueSpecification","valueRequired":true,"valueName":"search_term_string"}}],"inLanguage":"en-US"},{"@type":"Person","@id":"https:\/\/gerardohuertas.com\/#\/schema\/person\/b4853b4a5e81f2fcb3ccd26fd3563707","name":"G H","image":{"@type":"ImageObject","inLanguage":"en-US","@id":"https:\/\/secure.gravatar.com\/avatar\/b9a370a995df755716ec7fc1a3f3e6c2ec7eb9ce604caa8ba88783a69b15ca07?s=96&d=mm&r=g","url":"https:\/\/secure.gravatar.com\/avatar\/b9a370a995df755716ec7fc1a3f3e6c2ec7eb9ce604caa8ba88783a69b15ca07?s=96&d=mm&r=g","contentUrl":"https:\/\/secure.gravatar.com\/avatar\/b9a370a995df755716ec7fc1a3f3e6c2ec7eb9ce604caa8ba88783a69b15ca07?s=96&d=mm&r=g","caption":"G H"},"url":"https:\/\/gerardohuertas.com\/en\/author\/ghuertas06\/"}]}},"_links":{"self":[{"href":"https:\/\/gerardohuertas.com\/en\/wp-json\/wp\/v2\/posts\/1304","targetHints":{"allow":["GET"]}}],"collection":[{"href":"https:\/\/gerardohuertas.com\/en\/wp-json\/wp\/v2\/posts"}],"about":[{"href":"https:\/\/gerardohuertas.com\/en\/wp-json\/wp\/v2\/types\/post"}],"author":[{"embeddable":true,"href":"https:\/\/gerardohuertas.com\/en\/wp-json\/wp\/v2\/users\/2"}],"replies":[{"embeddable":true,"href":"https:\/\/gerardohuertas.com\/en\/wp-json\/wp\/v2\/comments?post=1304"}],"version-history":[{"count":1,"href":"https:\/\/gerardohuertas.com\/en\/wp-json\/wp\/v2\/posts\/1304\/revisions"}],"predecessor-version":[{"id":1305,"href":"https:\/\/gerardohuertas.com\/en\/wp-json\/wp\/v2\/posts\/1304\/revisions\/1305"}],"wp:attachment":[{"href":"https:\/\/gerardohuertas.com\/en\/wp-json\/wp\/v2\/media?parent=1304"}],"wp:term":[{"taxonomy":"category","embeddable":true,"href":"https:\/\/gerardohuertas.com\/en\/wp-json\/wp\/v2\/categories?post=1304"},{"taxonomy":"post_tag","embeddable":true,"href":"https:\/\/gerardohuertas.com\/en\/wp-json\/wp\/v2\/tags?post=1304"}],"curies":[{"name":"wp","href":"https:\/\/api.w.org\/{rel}","templated":true}]}}