{"id":1299,"date":"2023-05-07T16:16:15","date_gmt":"2023-05-07T16:16:15","guid":{"rendered":"https:\/\/gerardohuertas.com\/?p=1299"},"modified":"2023-05-07T16:20:01","modified_gmt":"2023-05-07T16:20:01","slug":"amcham-recibe-visitas-oregon","status":"publish","type":"post","link":"https:\/\/gerardohuertas.com\/en\/amcham-recibe-visitas-oregon\/","title":{"rendered":"AmCham recibe visita para conocer sobre oportunidades comerciales entre Panam\u00e1 y los Estados de Oreg\u00f3n y Washington"},"content":{"rendered":"<p class=\"rtejustify\">El pasado martes, 14 de noviembre el Sr. John Jackley, Gerente General y Propietario de Advanced Technology Communications visit\u00f3 las oficinas de AmCham Panam\u00e1. Durante su visita nos present\u00f3 las m\u00faltiples oportunidades comerciales entre Panam\u00e1 y los Estados de Oreg\u00f3n y Washington. Algunos de los sectores destacados\u00a0 incluyen: log\u00edstica, innovaci\u00f3n, agricultura especialmente de productos org\u00e1nicos y turismo entre otros.<\/p>\n<p class=\"rtejustify\">La reuni\u00f3n conto con la asistencia de Francisco P\u00e9rez, Consejero de Asuntos P\u00fablicos de la Embajada de los Estados Unidos en Panam\u00e1; Roberto Pineda, Director Ejecutivo de Estudios de Postgrado de Quality Leadership University; Gerardo Huertas, Presidente de J\u00f3venes Emprendedores Trabajando por Panam\u00e1 y por parte de AmCham Susana Uranga, Directora Ejecutiva; Alvaro Aguilar, Presidente del Comit\u00e9 de Comercio e Inversi\u00f3n; Alejandra C\u00e1rdenas, Directora de Mercadeo y Comunicaci\u00f3n y Federico Samek Coordinador de Comit\u00e9s.<\/p>\n<p>&nbsp;<\/p>\n<p>Fuente: AMCHAM Panama<\/p>","protected":false},"excerpt":{"rendered":"<p>El pasado martes, 14 de noviembre el Sr. John Jackley, Gerente General y Propietario de Advanced Technology Communications<\/p>","protected":false},"author":2,"featured_media":1300,"comment_status":"open","ping_status":"open","sticky":false,"template":"","format":"standard","meta":{"_monsterinsights_skip_tracking":false,"_monsterinsights_sitenote_active":false,"_monsterinsights_sitenote_note":"","_monsterinsights_sitenote_category":0,"footnotes":""},"categories":[1],"tags":[],"class_list":["post-1299","post","type-post","status-publish","format-standard","has-post-thumbnail","hentry","category-uncategorized"],"yoast_head":"<!-- This site is optimized with the Yoast SEO plugin v27.4 - https:\/\/yoast.com\/product\/yoast-seo-wordpress\/ -->\n<title>AmCham recibe visita para conocer sobre oportunidades comerciales entre Panam\u00e1 y los Estados de Oreg\u00f3n y Washington - Gerardo Huertas<\/title>\n<meta name=\"robots\" content=\"index, follow, max-snippet:-1, max-image-preview:large, max-video-preview:-1\" \/>\n<link rel=\"canonical\" href=\"https:\/\/gerardohuertas.com\/en\/amcham-recibe-visitas-oregon\/\" \/>\n<meta property=\"og:locale\" content=\"en_US\" \/>\n<meta property=\"og:type\" content=\"article\" \/>\n<meta property=\"og:title\" content=\"AmCham recibe visita para conocer sobre oportunidades comerciales entre Panam\u00e1 y los Estados de Oreg\u00f3n y Washington - Gerardo Huertas\" \/>\n<meta property=\"og:description\" content=\"El pasado martes, 14 de noviembre el Sr. John Jackley, Gerente General y Propietario de Advanced Technology Communications\" \/>\n<meta property=\"og:url\" content=\"https:\/\/gerardohuertas.com\/en\/amcham-recibe-visitas-oregon\/\" \/>\n<meta property=\"og:site_name\" content=\"Gerardo Huertas\" \/>\n<meta property=\"article:published_time\" content=\"2023-05-07T16:16:15+00:00\" \/>\n<meta property=\"article:modified_time\" content=\"2023-05-07T16:20:01+00:00\" \/>\n<meta property=\"og:image\" content=\"https:\/\/gerardohuertas.com\/wp-content\/uploads\/2023\/05\/Screenshot-2023-05-07-at-11.15.11-AM.jpg\" \/>\n\t<meta property=\"og:image:width\" content=\"1920\" \/>\n\t<meta property=\"og:image:height\" content=\"729\" \/>\n\t<meta property=\"og:image:type\" content=\"image\/jpeg\" \/>\n<meta name=\"author\" content=\"G H\" \/>\n<meta name=\"twitter:card\" content=\"summary_large_image\" \/>\n<meta name=\"twitter:label1\" content=\"Written by\" \/>\n\t<meta name=\"twitter:data1\" content=\"G H\" \/>\n\t<meta name=\"twitter:label2\" content=\"Est. reading time\" \/>\n\t<meta name=\"twitter:data2\" content=\"1 minute\" \/>\n<script type=\"application\/ld+json\" class=\"yoast-schema-graph\">{\"@context\":\"https:\\\/\\\/schema.org\",\"@graph\":[{\"@type\":\"Article\",\"@id\":\"https:\\\/\\\/gerardohuertas.com\\\/amcham-recibe-visitas-oregon\\\/#article\",\"isPartOf\":{\"@id\":\"https:\\\/\\\/gerardohuertas.com\\\/amcham-recibe-visitas-oregon\\\/\"},\"author\":{\"name\":\"G H\",\"@id\":\"https:\\\/\\\/gerardohuertas.com\\\/#\\\/schema\\\/person\\\/b4853b4a5e81f2fcb3ccd26fd3563707\"},\"headline\":\"AmCham recibe visita para conocer sobre oportunidades comerciales entre Panam\u00e1 y los Estados de Oreg\u00f3n y Washington\",\"datePublished\":\"2023-05-07T16:16:15+00:00\",\"dateModified\":\"2023-05-07T16:20:01+00:00\",\"mainEntityOfPage\":{\"@id\":\"https:\\\/\\\/gerardohuertas.com\\\/amcham-recibe-visitas-oregon\\\/\"},\"wordCount\":167,\"commentCount\":0,\"image\":{\"@id\":\"https:\\\/\\\/gerardohuertas.com\\\/amcham-recibe-visitas-oregon\\\/#primaryimage\"},\"thumbnailUrl\":\"https:\\\/\\\/gerardohuertas.com\\\/wp-content\\\/uploads\\\/2023\\\/05\\\/Screenshot-2023-05-07-at-11.15.11-AM.jpg\",\"inLanguage\":\"en-US\",\"potentialAction\":[{\"@type\":\"CommentAction\",\"name\":\"Comment\",\"target\":[\"https:\\\/\\\/gerardohuertas.com\\\/amcham-recibe-visitas-oregon\\\/#respond\"]}]},{\"@type\":\"WebPage\",\"@id\":\"https:\\\/\\\/gerardohuertas.com\\\/amcham-recibe-visitas-oregon\\\/\",\"url\":\"https:\\\/\\\/gerardohuertas.com\\\/amcham-recibe-visitas-oregon\\\/\",\"name\":\"AmCham recibe visita para conocer sobre oportunidades comerciales entre Panam\u00e1 y los Estados de Oreg\u00f3n y Washington - Gerardo Huertas\",\"isPartOf\":{\"@id\":\"https:\\\/\\\/gerardohuertas.com\\\/#website\"},\"primaryImageOfPage\":{\"@id\":\"https:\\\/\\\/gerardohuertas.com\\\/amcham-recibe-visitas-oregon\\\/#primaryimage\"},\"image\":{\"@id\":\"https:\\\/\\\/gerardohuertas.com\\\/amcham-recibe-visitas-oregon\\\/#primaryimage\"},\"thumbnailUrl\":\"https:\\\/\\\/gerardohuertas.com\\\/wp-content\\\/uploads\\\/2023\\\/05\\\/Screenshot-2023-05-07-at-11.15.11-AM.jpg\",\"datePublished\":\"2023-05-07T16:16:15+00:00\",\"dateModified\":\"2023-05-07T16:20:01+00:00\",\"author\":{\"@id\":\"https:\\\/\\\/gerardohuertas.com\\\/#\\\/schema\\\/person\\\/b4853b4a5e81f2fcb3ccd26fd3563707\"},\"breadcrumb\":{\"@id\":\"https:\\\/\\\/gerardohuertas.com\\\/amcham-recibe-visitas-oregon\\\/#breadcrumb\"},\"inLanguage\":\"en-US\",\"potentialAction\":[{\"@type\":\"ReadAction\",\"target\":[\"https:\\\/\\\/gerardohuertas.com\\\/amcham-recibe-visitas-oregon\\\/\"]}]},{\"@type\":\"ImageObject\",\"inLanguage\":\"en-US\",\"@id\":\"https:\\\/\\\/gerardohuertas.com\\\/amcham-recibe-visitas-oregon\\\/#primaryimage\",\"url\":\"https:\\\/\\\/gerardohuertas.com\\\/wp-content\\\/uploads\\\/2023\\\/05\\\/Screenshot-2023-05-07-at-11.15.11-AM.jpg\",\"contentUrl\":\"https:\\\/\\\/gerardohuertas.com\\\/wp-content\\\/uploads\\\/2023\\\/05\\\/Screenshot-2023-05-07-at-11.15.11-AM.jpg\",\"width\":1920,\"height\":729},{\"@type\":\"BreadcrumbList\",\"@id\":\"https:\\\/\\\/gerardohuertas.com\\\/amcham-recibe-visitas-oregon\\\/#breadcrumb\",\"itemListElement\":[{\"@type\":\"ListItem\",\"position\":1,\"name\":\"Home\",\"item\":\"https:\\\/\\\/gerardohuertas.com\\\/\"},{\"@type\":\"ListItem\",\"position\":2,\"name\":\"AmCham recibe visita para conocer sobre oportunidades comerciales entre Panam\u00e1 y los Estados de Oreg\u00f3n y Washington\"}]},{\"@type\":\"WebSite\",\"@id\":\"https:\\\/\\\/gerardohuertas.com\\\/#website\",\"url\":\"https:\\\/\\\/gerardohuertas.com\\\/\",\"name\":\"Gerardo Huertas\",\"description\":\"Consultor de Innovaci\u00f3n, Ingenier\u00eda de Software y Growth Hacking\",\"potentialAction\":[{\"@type\":\"SearchAction\",\"target\":{\"@type\":\"EntryPoint\",\"urlTemplate\":\"https:\\\/\\\/gerardohuertas.com\\\/?s={search_term_string}\"},\"query-input\":{\"@type\":\"PropertyValueSpecification\",\"valueRequired\":true,\"valueName\":\"search_term_string\"}}],\"inLanguage\":\"en-US\"},{\"@type\":\"Person\",\"@id\":\"https:\\\/\\\/gerardohuertas.com\\\/#\\\/schema\\\/person\\\/b4853b4a5e81f2fcb3ccd26fd3563707\",\"name\":\"G H\",\"image\":{\"@type\":\"ImageObject\",\"inLanguage\":\"en-US\",\"@id\":\"https:\\\/\\\/secure.gravatar.com\\\/avatar\\\/b9a370a995df755716ec7fc1a3f3e6c2ec7eb9ce604caa8ba88783a69b15ca07?s=96&d=mm&r=g\",\"url\":\"https:\\\/\\\/secure.gravatar.com\\\/avatar\\\/b9a370a995df755716ec7fc1a3f3e6c2ec7eb9ce604caa8ba88783a69b15ca07?s=96&d=mm&r=g\",\"contentUrl\":\"https:\\\/\\\/secure.gravatar.com\\\/avatar\\\/b9a370a995df755716ec7fc1a3f3e6c2ec7eb9ce604caa8ba88783a69b15ca07?s=96&d=mm&r=g\",\"caption\":\"G H\"},\"url\":\"https:\\\/\\\/gerardohuertas.com\\\/en\\\/author\\\/ghuertas06\\\/\"}]}<\/script>\n<!-- \/ Yoast SEO plugin. -->","yoast_head_json":{"title":"AmCham recibe visita para conocer sobre oportunidades comerciales entre Panam\u00e1 y los Estados de Oreg\u00f3n y Washington - Gerardo Huertas","robots":{"index":"index","follow":"follow","max-snippet":"max-snippet:-1","max-image-preview":"max-image-preview:large","max-video-preview":"max-video-preview:-1"},"canonical":"https:\/\/gerardohuertas.com\/en\/amcham-recibe-visitas-oregon\/","og_locale":"en_US","og_type":"article","og_title":"AmCham recibe visita para conocer sobre oportunidades comerciales entre Panam\u00e1 y los Estados de Oreg\u00f3n y Washington - Gerardo Huertas","og_description":"El pasado martes, 14 de noviembre el Sr. John Jackley, Gerente General y Propietario de Advanced Technology Communications","og_url":"https:\/\/gerardohuertas.com\/en\/amcham-recibe-visitas-oregon\/","og_site_name":"Gerardo Huertas","article_published_time":"2023-05-07T16:16:15+00:00","article_modified_time":"2023-05-07T16:20:01+00:00","og_image":[{"width":1920,"height":729,"url":"https:\/\/gerardohuertas.com\/wp-content\/uploads\/2023\/05\/Screenshot-2023-05-07-at-11.15.11-AM.jpg","type":"image\/jpeg"}],"author":"G H","twitter_card":"summary_large_image","twitter_misc":{"Written by":"G H","Est. reading time":"1 minute"},"schema":{"@context":"https:\/\/schema.org","@graph":[{"@type":"Article","@id":"https:\/\/gerardohuertas.com\/amcham-recibe-visitas-oregon\/#article","isPartOf":{"@id":"https:\/\/gerardohuertas.com\/amcham-recibe-visitas-oregon\/"},"author":{"name":"G H","@id":"https:\/\/gerardohuertas.com\/#\/schema\/person\/b4853b4a5e81f2fcb3ccd26fd3563707"},"headline":"AmCham recibe visita para conocer sobre oportunidades comerciales entre Panam\u00e1 y los Estados de Oreg\u00f3n y Washington","datePublished":"2023-05-07T16:16:15+00:00","dateModified":"2023-05-07T16:20:01+00:00","mainEntityOfPage":{"@id":"https:\/\/gerardohuertas.com\/amcham-recibe-visitas-oregon\/"},"wordCount":167,"commentCount":0,"image":{"@id":"https:\/\/gerardohuertas.com\/amcham-recibe-visitas-oregon\/#primaryimage"},"thumbnailUrl":"https:\/\/gerardohuertas.com\/wp-content\/uploads\/2023\/05\/Screenshot-2023-05-07-at-11.15.11-AM.jpg","inLanguage":"en-US","potentialAction":[{"@type":"CommentAction","name":"Comment","target":["https:\/\/gerardohuertas.com\/amcham-recibe-visitas-oregon\/#respond"]}]},{"@type":"WebPage","@id":"https:\/\/gerardohuertas.com\/amcham-recibe-visitas-oregon\/","url":"https:\/\/gerardohuertas.com\/amcham-recibe-visitas-oregon\/","name":"AmCham recibe visita para conocer sobre oportunidades comerciales entre Panam\u00e1 y los Estados de Oreg\u00f3n y Washington - Gerardo Huertas","isPartOf":{"@id":"https:\/\/gerardohuertas.com\/#website"},"primaryImageOfPage":{"@id":"https:\/\/gerardohuertas.com\/amcham-recibe-visitas-oregon\/#primaryimage"},"image":{"@id":"https:\/\/gerardohuertas.com\/amcham-recibe-visitas-oregon\/#primaryimage"},"thumbnailUrl":"https:\/\/gerardohuertas.com\/wp-content\/uploads\/2023\/05\/Screenshot-2023-05-07-at-11.15.11-AM.jpg","datePublished":"2023-05-07T16:16:15+00:00","dateModified":"2023-05-07T16:20:01+00:00","author":{"@id":"https:\/\/gerardohuertas.com\/#\/schema\/person\/b4853b4a5e81f2fcb3ccd26fd3563707"},"breadcrumb":{"@id":"https:\/\/gerardohuertas.com\/amcham-recibe-visitas-oregon\/#breadcrumb"},"inLanguage":"en-US","potentialAction":[{"@type":"ReadAction","target":["https:\/\/gerardohuertas.com\/amcham-recibe-visitas-oregon\/"]}]},{"@type":"ImageObject","inLanguage":"en-US","@id":"https:\/\/gerardohuertas.com\/amcham-recibe-visitas-oregon\/#primaryimage","url":"https:\/\/gerardohuertas.com\/wp-content\/uploads\/2023\/05\/Screenshot-2023-05-07-at-11.15.11-AM.jpg","contentUrl":"https:\/\/gerardohuertas.com\/wp-content\/uploads\/2023\/05\/Screenshot-2023-05-07-at-11.15.11-AM.jpg","width":1920,"height":729},{"@type":"BreadcrumbList","@id":"https:\/\/gerardohuertas.com\/amcham-recibe-visitas-oregon\/#breadcrumb","itemListElement":[{"@type":"ListItem","position":1,"name":"Home","item":"https:\/\/gerardohuertas.com\/"},{"@type":"ListItem","position":2,"name":"AmCham recibe visita para conocer sobre oportunidades comerciales entre Panam\u00e1 y los Estados de Oreg\u00f3n y Washington"}]},{"@type":"WebSite","@id":"https:\/\/gerardohuertas.com\/#website","url":"https:\/\/gerardohuertas.com\/","name":"Gerardo Huertas","description":"Consultor de Innovaci\u00f3n, Ingenier\u00eda de Software y Growth Hacking","potentialAction":[{"@type":"SearchAction","target":{"@type":"EntryPoint","urlTemplate":"https:\/\/gerardohuertas.com\/?s={search_term_string}"},"query-input":{"@type":"PropertyValueSpecification","valueRequired":true,"valueName":"search_term_string"}}],"inLanguage":"en-US"},{"@type":"Person","@id":"https:\/\/gerardohuertas.com\/#\/schema\/person\/b4853b4a5e81f2fcb3ccd26fd3563707","name":"G H","image":{"@type":"ImageObject","inLanguage":"en-US","@id":"https:\/\/secure.gravatar.com\/avatar\/b9a370a995df755716ec7fc1a3f3e6c2ec7eb9ce604caa8ba88783a69b15ca07?s=96&d=mm&r=g","url":"https:\/\/secure.gravatar.com\/avatar\/b9a370a995df755716ec7fc1a3f3e6c2ec7eb9ce604caa8ba88783a69b15ca07?s=96&d=mm&r=g","contentUrl":"https:\/\/secure.gravatar.com\/avatar\/b9a370a995df755716ec7fc1a3f3e6c2ec7eb9ce604caa8ba88783a69b15ca07?s=96&d=mm&r=g","caption":"G H"},"url":"https:\/\/gerardohuertas.com\/en\/author\/ghuertas06\/"}]}},"_links":{"self":[{"href":"https:\/\/gerardohuertas.com\/en\/wp-json\/wp\/v2\/posts\/1299","targetHints":{"allow":["GET"]}}],"collection":[{"href":"https:\/\/gerardohuertas.com\/en\/wp-json\/wp\/v2\/posts"}],"about":[{"href":"https:\/\/gerardohuertas.com\/en\/wp-json\/wp\/v2\/types\/post"}],"author":[{"embeddable":true,"href":"https:\/\/gerardohuertas.com\/en\/wp-json\/wp\/v2\/users\/2"}],"replies":[{"embeddable":true,"href":"https:\/\/gerardohuertas.com\/en\/wp-json\/wp\/v2\/comments?post=1299"}],"version-history":[{"count":2,"href":"https:\/\/gerardohuertas.com\/en\/wp-json\/wp\/v2\/posts\/1299\/revisions"}],"predecessor-version":[{"id":1302,"href":"https:\/\/gerardohuertas.com\/en\/wp-json\/wp\/v2\/posts\/1299\/revisions\/1302"}],"wp:featuredmedia":[{"embeddable":true,"href":"https:\/\/gerardohuertas.com\/en\/wp-json\/wp\/v2\/media\/1300"}],"wp:attachment":[{"href":"https:\/\/gerardohuertas.com\/en\/wp-json\/wp\/v2\/media?parent=1299"}],"wp:term":[{"taxonomy":"category","embeddable":true,"href":"https:\/\/gerardohuertas.com\/en\/wp-json\/wp\/v2\/categories?post=1299"},{"taxonomy":"post_tag","embeddable":true,"href":"https:\/\/gerardohuertas.com\/en\/wp-json\/wp\/v2\/tags?post=1299"}],"curies":[{"name":"wp","href":"https:\/\/api.w.org\/{rel}","templated":true}]}}